{"id":701,"date":"2009-05-29T16:00:00","date_gmt":"2009-05-29T14:00:00","guid":{"rendered":"http:\/\/www.meier-gerdingh.de\/spd-oberhausen\/wp\/?p=701"},"modified":"2017-05-14T14:27:23","modified_gmt":"2017-05-14T12:27:23","slug":"oberhausener-buendnis-laenger-gemeinsam-lernen-gegruendet","status":"publish","type":"post","link":"https:\/\/meier-gerdingh.de\/wp-spd-ob\/2009\/05\/29\/oberhausener-buendnis-laenger-gemeinsam-lernen-gegruendet\/","title":{"rendered":"Oberhausener B\u00fcndnis &#8222;L\u00e4nger gemeinsam lernen&#8220; gegr\u00fcndet"},"content":{"rendered":"<p>Eine Schule, die allen Kindern unabh\u00e4ngig von sozialer und kultureller Herkunft gleiche Chancen bietet, eine integrative Schule, die Gemeinschaft stiftet, und eine zukunftsweisende Schule, in der alle Kinder m\u00f6glichst lange gemeinsam lernen k\u00f6nnen: Das sind zentrale Ziele des &#8222;B\u00fcndnisses l\u00e4nger gemeinsam lernen&#8220;, das nun auch in Oberhausen gegr\u00fcndet wurde.<!--more--><\/p>\n<p>Auf Einladung von Kreishandwerksmeister J\u00f6rg Bischoff, Superintendent Joachim Deterding, Wolfgang Gro\u00dfe Br\u00f6mer, Vorsitzender der Schulaussch\u00fcsse der Stadt und des Landtages, sowie Norbert M\u00fcller, stellvertretender Landesvorsitzende der GEW, und Cornelia Schiemanowski, Vorsitzende der Oberhausener GEW, trafen sich Vertreterinnen und Vertreter verschiedenster gesellschaftlicher Gruppen zur Gr\u00fcndung einer Initiative und zur Unterzeichnung des Oberhausener Aufrufes &#8222;L\u00e4nger gemeinsam lernen&#8220;. <\/p>\n<p>Wolfgang Gro\u00dfe Br\u00f6mer stellte in seiner Einleitung das Ziel gerechter Bildungschancen f\u00fcr alle Kinder in der Vordergrund. Die Tatsache, dass in Deutschland die Bildungschancen von Kindern besonders stark vom Geldbeutel ihrer Eltern abhingen, m\u00fcsse ge\u00e4ndert werden. Hierzu sei es unter anderem notwendig, dass Kinder zuk\u00fcnftig l\u00e4nger gemeinsam lernen. Eine Ver\u00e4nderung des Schulsystems allein reiche zwar nicht aus, sie sei aber eine notwendige Voraussetzung f\u00fcr ein gerechteres Schulsystem.<\/p>\n<p>Norbert M\u00fcller forderte, dass auch in Oberhausen bei allen schulpolitischen Entscheidungen darauf geachtet wird, das selektive Schulsystem in NRW nicht weiter zu zementieren, und erl\u00e4uterte die Forderungen des B\u00fcndnisses f\u00fcr Oberhausen. Hierzu geh\u00f6ren eine gerechte Finanzausstattung f\u00fcr Oberhausen, die die Stadt in die Lage versetzt, l\u00e4ngeres gemeinsames Lernen vor Ort umzusetzen und Bildungsbenachteiligungen abzubauen, die M\u00f6glichkeit f\u00fcr Oberhausen, unabh\u00e4ngig vom Nachweis von Eigenanteilen an F\u00f6rderprogrammen im Bildungsbereich teil zu haben, und verbesserte Bedingungen f\u00fcr Ganztagsschulen und f\u00fcr den Gemeinsamen Unterricht.<\/p>\n<p>Der Oberhausener Aufruf &#8222;L\u00e4nger gemeinsam lernen&#8220; wurde anschlie\u00dfend von zahlreichen Vertreterinnen und Vertretern gesellschaftlicher Gruppen unterzeichnet. Zu ihnen geh\u00f6ren neben den Einladern Oberb\u00fcrgermeister Klaus Wehling, Regina Trampnau f\u00fcr den Verband Bildung und Erziehung, Henrike Greven f\u00fcr Ver.di, Theaterintendant Peter Carp, Schulleiter verschiedener Schulformen, die Vertreter aller Oberhausener Wohlfahrtsverb\u00e4nde sowie die Ratsfraktionen der Gr\u00fcnen, der Linken Liste und der SPD.<\/p>\n<p>Mit verschiedensten Aktivit\u00e4ten will das B\u00fcndnis dazu beitragen, Bildungsgerechtigkeit und Chancengleichheit ins Zentrum der gesellschaftlichen Diskussion auch in Oberhausen zu stellen. Dabei sollen zum einen die politische Forderung nach einer Ver\u00e4nderung des Schulsystems unterst\u00fctzt und zum anderen konkrete Projekte f\u00fcr ein l\u00e4ngeres gemeinsames Lernen in Oberhausen entwickelt werden.<\/p>\n<p>Interessierte an der weiteren Arbeit des B\u00fcndnisses k\u00f6nnen sich unter<\/p>\n<p><a href=\"mailto:stefan.zimkeit@landtag.nrw.de\">stefan.zimkeit@landtag.nrw.de<\/a><\/p>\n<p>melden und weitere Informationen erhalten. <\/p>\n<p><b>Erstunterzeichner<\/b> des Oberhausener Aufrufes &#8222;L\u00e4nger gemeinsam lernen&#8220;:<\/p>\n<p><b>Elia Albrecht-Mainz<\/b><br \/>\n<i>Arbeiterwohlfahrt<\/i><\/p>\n<p><b>Ferai Aybis<\/b><\/p>\n","protected":false},"excerpt":{"rendered":"<p>Eine Schule, die allen Kindern unabh\u00e4ngig von sozialer und kultureller Herkunft gleiche Chancen bietet, eine integrative Schule, die Gemeinschaft stiftet, und eine zukunftsweisende Schule, in der alle Kinder m\u00f6glichst lange&hellip; <\/p>\n","protected":false},"author":1,"featured_media":0,"comment_status":"closed","ping_status":"closed","sticky":false,"template":"","format":"standard","meta":{"footnotes":""},"categories":[1],"tags":[],"quellen":[],"class_list":["post-701","post","type-post","status-publish","format-standard","hentry","category-allgemein"],"_links":{"self":[{"href":"https:\/\/meier-gerdingh.de\/wp-spd-ob\/wp-json\/wp\/v2\/posts\/701","targetHints":{"allow":["GET"]}}],"collection":[{"href":"https:\/\/meier-gerdingh.de\/wp-spd-ob\/wp-json\/wp\/v2\/posts"}],"about":[{"href":"https:\/\/meier-gerdingh.de\/wp-spd-ob\/wp-json\/wp\/v2\/types\/post"}],"author":[{"embeddable":true,"href":"https:\/\/meier-gerdingh.de\/wp-spd-ob\/wp-json\/wp\/v2\/users\/1"}],"replies":[{"embeddable":true,"href":"https:\/\/meier-gerdingh.de\/wp-spd-ob\/wp-json\/wp\/v2\/comments?post=701"}],"version-history":[{"count":0,"href":"https:\/\/meier-gerdingh.de\/wp-spd-ob\/wp-json\/wp\/v2\/posts\/701\/revisions"}],"wp:attachment":[{"href":"https:\/\/meier-gerdingh.de\/wp-spd-ob\/wp-json\/wp\/v2\/media?parent=701"}],"wp:term":[{"taxonomy":"category","embeddable":true,"href":"https:\/\/meier-gerdingh.de\/wp-spd-ob\/wp-json\/wp\/v2\/categories?post=701"},{"taxonomy":"post_tag","embeddable":true,"href":"https:\/\/meier-gerdingh.de\/wp-spd-ob\/wp-json\/wp\/v2\/tags?post=701"},{"taxonomy":"quellen","embeddable":true,"href":"https:\/\/meier-gerdingh.de\/wp-spd-ob\/wp-json\/wp\/v2\/quellen?post=701"}],"curies":[{"name":"wp","href":"https:\/\/api.w.org\/{rel}","templated":true}]}}