{"id":7011,"date":"2020-03-16T11:57:20","date_gmt":"2020-03-16T10:57:20","guid":{"rendered":"https:\/\/meier-gerdingh.de\/wp-spd-ob\/?p=7011"},"modified":"2020-04-08T16:27:22","modified_gmt":"2020-04-08T14:27:22","slug":"oberhausener-spd-sagt-saemtliche-veranstaltungen-bis-ende-april-komplett-ab","status":"publish","type":"post","link":"https:\/\/meier-gerdingh.de\/wp-spd-ob\/2020\/03\/16\/oberhausener-spd-sagt-saemtliche-veranstaltungen-bis-ende-april-komplett-ab\/","title":{"rendered":"Oberhausener SPD sagt s\u00e4mtliche Veranstaltungen bis Ende April komplett ab!"},"content":{"rendered":"<p><strong>Die Oberhausener SPD sagt wegen der Coronavirus-Krise s\u00e4mtliche parteiinternen und \u00f6ffentlichen Veranstaltungen bis mindestens zum 26. April 2020 ab.<\/strong> Das gilt selbstverst\u00e4ndlich auch f\u00fcr Veranstaltungen, zu denen in den letzten Wochen noch schriftlich eingeladen wurde. <\/p>\n<p>Abgesagt bzw. bis auf Weiteres verschoben werden insbesondere:<\/p>\n<ul>\n<li>die Sitzung des <strong>UB-Vorstandes<\/strong> am <strong>18.03.2020<\/strong>,<\/li>\n<li>die <strong>Mitgliederversammlung des Ortsvereins Oberhausen-West<\/strong> am <strong>19.03.2020<\/strong>,<\/li>\n<li>die <strong>Mitgliederversammlung des Ortsvereins Oberhausen-Ost<\/strong> am <strong>19.03.2020<\/strong>,<\/li>\n<li>der <strong>Fr\u00fchlingsempfang des Ortsvereins Oberhausen-West<\/strong> am <strong>22.03.2020<\/strong>,<\/li>\n<li>die <strong>Mitgliederversammlung des Ortsvereins Oberhausen-Mitte<\/strong> am <strong>26.03.2020<\/strong>,<\/li>\n<li>der <strong>UB-Parteitag<\/strong> und die Sitzung des <strong>UB-Vorstandes<\/strong> am <strong>30.03.2020<\/strong>,<\/li>\n<li>das <strong>Ostereiersuchen im Ruhrpark des Ortsvereins Oberhausen-West<\/strong> am <strong>12.04.2020<\/strong>.<\/li>\n<\/ul>\n<p>\u00dcber eventuelle Ersatztermine werden wir zu gegebener Zeit unsere Mitgliedschaft und die \u00d6ffentlichkeit schriftlich informieren.<\/p>\n<p>&#8222;In den n\u00e4chsten Wochen kann es nur darum gehen, die Ansteckungsrisiken drastisch zu reduzieren, die Ausbreitung des Virus zu verlangsamen, den Kollaps des Gesundheitssystems zu verhindern und die Gesundheit der Oberhausener B\u00fcrgerinnen und B\u00fcrger und unserer Mitglieder so wirksam wie m\u00f6glich zu sch\u00fctzen. Das hat f\u00fcr uns absolute Priorit\u00e4t&#8220;, erkl\u00e4rt Oberhausens SPD-Chef Dirk V\u00f6pel.<\/p>\n","protected":false},"excerpt":{"rendered":"<p>Die Oberhausener SPD sagt wegen der Coronavirus-Krise s\u00e4mtliche parteiinternen und \u00f6ffentlichen Veranstaltungen bis mindestens zum 26. April 2020 ab. Das gilt selbstverst\u00e4ndlich auch f\u00fcr Veranstaltungen, zu denen in den letzten&hellip; <\/p>\n","protected":false},"author":1,"featured_media":0,"comment_status":"closed","ping_status":"closed","sticky":false,"template":"","format":"standard","meta":{"footnotes":""},"categories":[2275,297,173,171],"tags":[2223,2228,2218,2230,2229],"quellen":[327],"class_list":["post-7011","post","type-post","status-publish","format-standard","hentry","category-corona-krise","category-gesundheit","category-parteileben","category-veranstaltungen","tag-coronavirus","tag-coronavirus-krise","tag-covid-19-krise","tag-termine","tag-veranstaltungsabsage","quellen-spd-unterbezirk-oberhausen"],"_links":{"self":[{"href":"https:\/\/meier-gerdingh.de\/wp-spd-ob\/wp-json\/wp\/v2\/posts\/7011","targetHints":{"allow":["GET"]}}],"collection":[{"href":"https:\/\/meier-gerdingh.de\/wp-spd-ob\/wp-json\/wp\/v2\/posts"}],"about":[{"href":"https:\/\/meier-gerdingh.de\/wp-spd-ob\/wp-json\/wp\/v2\/types\/post"}],"author":[{"embeddable":true,"href":"https:\/\/meier-gerdingh.de\/wp-spd-ob\/wp-json\/wp\/v2\/users\/1"}],"replies":[{"embeddable":true,"href":"https:\/\/meier-gerdingh.de\/wp-spd-ob\/wp-json\/wp\/v2\/comments?post=7011"}],"version-history":[{"count":0,"href":"https:\/\/meier-gerdingh.de\/wp-spd-ob\/wp-json\/wp\/v2\/posts\/7011\/revisions"}],"wp:attachment":[{"href":"https:\/\/meier-gerdingh.de\/wp-spd-ob\/wp-json\/wp\/v2\/media?parent=7011"}],"wp:term":[{"taxonomy":"category","embeddable":true,"href":"https:\/\/meier-gerdingh.de\/wp-spd-ob\/wp-json\/wp\/v2\/categories?post=7011"},{"taxonomy":"post_tag","embeddable":true,"href":"https:\/\/meier-gerdingh.de\/wp-spd-ob\/wp-json\/wp\/v2\/tags?post=7011"},{"taxonomy":"quellen","embeddable":true,"href":"https:\/\/meier-gerdingh.de\/wp-spd-ob\/wp-json\/wp\/v2\/quellen?post=7011"}],"curies":[{"name":"wp","href":"https:\/\/api.w.org\/{rel}","templated":true}]}}