{"id":7027,"date":"2020-03-19T17:10:52","date_gmt":"2020-03-19T16:10:52","guid":{"rendered":"https:\/\/meier-gerdingh.de\/wp-spd-ob\/?p=7027"},"modified":"2020-04-08T13:28:16","modified_gmt":"2020-04-08T11:28:16","slug":"spd-bittet-alle-um-mithilfe","status":"publish","type":"post","link":"https:\/\/meier-gerdingh.de\/wp-spd-ob\/2020\/03\/19\/spd-bittet-alle-um-mithilfe\/","title":{"rendered":"SPD bittet alle um Mithilfe"},"content":{"rendered":"<p>Um die Arbeit der Menschen, die das Leben in Oberhausen aufrecht erhalten, zu unterst\u00fctzen, sind wir alle gefragt. Nachdem zur Eind\u00e4mmung des Coronavirus das \u00f6ffentliche Leben bereits weitgehend ruht, setzt auch in der Politik zumindest die \u00f6ffentliche Debatte demn\u00e4chst aus. Zu einer Hauptausschuss-Sitzung kommen einzelne Mitglieder des Rates am Montag zusammen, danach folgt zun\u00e4chst eine sitzungsfreie Zeit.<\/p>\n<p>&#8222;Es sind besondere Zeiten, die besondere Ma\u00dfnahmen von uns verlangen&#8220;, erkl\u00e4rt die Fraktionsvorsitzende der Oberhausener SPD, Sonja Bongers. &#8222;Zun\u00e4chst einmal gilt es, alles daf\u00fcr zu tun, um die Ausbreitung des Coronavirus so gut wie m\u00f6glich zu verz\u00f6gern. Das ist die vordringlichste Aufgabe.&#8220;<!--more--><\/p>\n<p>Damit dies auch gelingt, ohne das Funktionieren des \u00f6ffentlichen Lebens zu beeintr\u00e4chtigen, sind viele Menschen n\u00f6tig. &#8222;Ob in der Verwaltung oder in den Polizeiwachen, in den Krankenh\u00e4usern oder Pflegeheimen, in den Arztpraxen oder den Superm\u00e4rkten: Den Menschen dort m\u00f6chten wir danken&#8220;, erkl\u00e4rt Sonja Bongers, die auch alle anderen in der Pflicht sieht.<\/p>\n<p>&#8222;Schlie\u00dflich kann jeder seinen Teil dazu beitragen, die Krise zu \u00fcberwinden. Ich bitte alle Oberhausenerinnen und Oberhausener, die bekannten Verhaltensregeln zu beachten. Das sind wir den Menschen schuldig, die bei einer Ansteckung besonders gef\u00e4hrdet w\u00e4ren und auch denjenigen, die unerm\u00fcdlich daf\u00fcr arbeiten, dass das Leben in unserer Stadt weitergeht.&#8220;<\/p>\n<p>Aktuelle Informationen zum Thema Corona-Virus finden sich stets aktuell im Internet-Auftritt der Stadt Oberhausen unter:<\/p>\n<p><a href=\"https:\/\/www.oberhausen.de\/de\/index\/rathaus\/verwaltung\/umwelt-gesundheit-und-mobilitat\/gesundheit\/aktuelle_informationen\/informationen_zum_coronavirus\/aktuelle_meldungen.php\" target=\"_blank\" rel=\"noopener noreferrer\">https:\/\/www.oberhausen.de<\/a><\/p>\n","protected":false},"excerpt":{"rendered":"<p>Um die Arbeit der Menschen, die das Leben in Oberhausen aufrecht erhalten, zu unterst\u00fctzen, sind wir alle gefragt. Nachdem zur Eind\u00e4mmung des Coronavirus das \u00f6ffentliche Leben bereits weitgehend ruht, setzt&hellip; <\/p>\n","protected":false},"author":1,"featured_media":0,"comment_status":"closed","ping_status":"closed","sticky":false,"template":"","format":"standard","meta":{"footnotes":""},"categories":[2275,297],"tags":[2223,2228,2218,1100,1648],"quellen":[326],"class_list":["post-7027","post","type-post","status-publish","format-standard","hentry","category-corona-krise","category-gesundheit","tag-coronavirus","tag-coronavirus-krise","tag-covid-19-krise","tag-hauptausschuss","tag-rat-der-stadt","quellen-spd-fraktion-oberhausen"],"_links":{"self":[{"href":"https:\/\/meier-gerdingh.de\/wp-spd-ob\/wp-json\/wp\/v2\/posts\/7027","targetHints":{"allow":["GET"]}}],"collection":[{"href":"https:\/\/meier-gerdingh.de\/wp-spd-ob\/wp-json\/wp\/v2\/posts"}],"about":[{"href":"https:\/\/meier-gerdingh.de\/wp-spd-ob\/wp-json\/wp\/v2\/types\/post"}],"author":[{"embeddable":true,"href":"https:\/\/meier-gerdingh.de\/wp-spd-ob\/wp-json\/wp\/v2\/users\/1"}],"replies":[{"embeddable":true,"href":"https:\/\/meier-gerdingh.de\/wp-spd-ob\/wp-json\/wp\/v2\/comments?post=7027"}],"version-history":[{"count":0,"href":"https:\/\/meier-gerdingh.de\/wp-spd-ob\/wp-json\/wp\/v2\/posts\/7027\/revisions"}],"wp:attachment":[{"href":"https:\/\/meier-gerdingh.de\/wp-spd-ob\/wp-json\/wp\/v2\/media?parent=7027"}],"wp:term":[{"taxonomy":"category","embeddable":true,"href":"https:\/\/meier-gerdingh.de\/wp-spd-ob\/wp-json\/wp\/v2\/categories?post=7027"},{"taxonomy":"post_tag","embeddable":true,"href":"https:\/\/meier-gerdingh.de\/wp-spd-ob\/wp-json\/wp\/v2\/tags?post=7027"},{"taxonomy":"quellen","embeddable":true,"href":"https:\/\/meier-gerdingh.de\/wp-spd-ob\/wp-json\/wp\/v2\/quellen?post=7027"}],"curies":[{"name":"wp","href":"https:\/\/api.w.org\/{rel}","templated":true}]}}