{"id":7028,"date":"2020-03-20T17:14:32","date_gmt":"2020-03-20T16:14:32","guid":{"rendered":"https:\/\/meier-gerdingh.de\/wp-spd-ob\/?p=7028"},"modified":"2020-04-08T13:26:58","modified_gmt":"2020-04-08T11:26:58","slug":"nrw-rettungsschirm-ausweiten","status":"publish","type":"post","link":"https:\/\/meier-gerdingh.de\/wp-spd-ob\/2020\/03\/20\/nrw-rettungsschirm-ausweiten\/","title":{"rendered":"NRW-Rettungsschirm ausweiten"},"content":{"rendered":"<p>Stefan Zimkeit spricht sich daf\u00fcr aus, dass NRW einen Rettungsschirm auch f\u00fcr die Kommunen aufspannt. &#8222;Die wegen der Corona-Krise zur\u00fcckgehende Steuereinnahmen d\u00fcrfen nicht zu neuer Verschuldung, Einschnitten f\u00fcr B\u00fcrgerinnen und B\u00fcrger und Steuererh\u00f6hungen f\u00fchren. Die Handlungsf\u00e4higkeit und die Investitionsm\u00f6glichkeiten von St\u00e4dten wie Oberhausen m\u00fcssen sichergestellt werden.&#8220; Ein erster Schritt w\u00e4re es, wenn das Land die Kosten \u00fcbernimmt, die durch den Verzicht auf die Elternbeitr\u00e4ge f\u00fcr Kitas und offene Ganztagsschulen entstehen, sagt der SPD-Finanzexperte.<\/p>\n<p>Zimkeit h\u00e4lt den von der Landesregierung beschlossenen Rettungsschirm, der Ma\u00dfnahmen f\u00fcr den Erhalt von Arbeitspl\u00e4tzen und Unterst\u00fctzung f\u00fcr die Wirtschaft enth\u00e4lt, f\u00fcr grunds\u00e4tzlich richtig.<!--more--><\/p>\n<p>Deshalb wird die SPD sich daf\u00fcr einsetzen, das Paket schnellstm\u00f6glich auf den Weg zu bringen, damit die Hilfen umgehend bei den Menschen ankommen. &#8222;Bei der Kl\u00e4rung weiterer Einzelheiten sollte sichergestellt werden, dass auch Verdienstausf\u00e4lle aufgefangen werden, die Eltern im Zuge der Schul- und Kitaschlie\u00dfungen hinnehmen m\u00fcssen&#8220;, fordert Oberhausens Landtagsabgeordneter.<\/p>\n<p>&#8222;Der Rettungsschirm muss auch die freie Wohlfahrtspflege und ehrenamtliche Organisationen umfassen, damit gerade im Sozialbereich engagierte Einrichtungen nicht die Krisenverlierer werden. Dar\u00fcber hinaus sollte es m\u00f6glich sein, Gelder aus dem Hilfsfonds f\u00fcr Investitionen insbesondere im Gesundheitswesen zu nutzen, um zum Beispiel Krankenh\u00e4user auf sich zuspitzende Krisensituationen besser vorzubereiten&#8220;, z\u00e4hlt Stefan Zimkeit Punkte auf, die die NRW-Landesregierung nachbessern sollte.<\/p>\n<p>&#8222;Die Ank\u00fcndigung unb\u00fcrokratischer Hilfen darf kein Schlagwort bleiben.&#8220; Stefan Zimkeit erreichen eine Reihe von Hinweisen aus seinem Wahlkreis, dass es f\u00fcr die Gew\u00e4hrung von Soforthilfen wie B\u00fcrgschaften noch viel zu hohe H\u00fcrden gibt, die eine schnelle Abwicklung unm\u00f6glich machen. &#8222;Dies muss umgehend ge\u00e4ndert werden. Dringend gekl\u00e4rt werden muss die Auszahlung der Soforthilfen des Bundes, die bei Bedarf vom Land erg\u00e4nzt werden m\u00fcssen, damit sie die Betroffenen unverz\u00fcglich erreichen.&#8220;<\/p>\n","protected":false},"excerpt":{"rendered":"<p>Stefan Zimkeit spricht sich daf\u00fcr aus, dass NRW einen Rettungsschirm auch f\u00fcr die Kommunen aufspannt. &#8222;Die wegen der Corona-Krise zur\u00fcckgehende Steuereinnahmen d\u00fcrfen nicht zu neuer Verschuldung, Einschnitten f\u00fcr B\u00fcrgerinnen und&hellip; <\/p>\n","protected":false},"author":1,"featured_media":0,"comment_status":"closed","ping_status":"closed","sticky":false,"template":"","format":"standard","meta":{"footnotes":""},"categories":[2275,98,297,216],"tags":[2223,2228,2218,782,2240,165,14,1383,534,2239,2237,2238,2241],"quellen":[331],"class_list":["post-7028","post","type-post","status-publish","format-standard","hentry","category-corona-krise","category-finanzen","category-gesundheit","category-land","tag-coronavirus","tag-coronavirus-krise","tag-covid-19-krise","tag-elternbeitraege","tag-gesundheitswesen","tag-kitas","tag-kommunalfinanzen","tag-kommunen","tag-krankenhaeuser","tag-offenener-ganztag","tag-rettungsschirm-coronavirus-krise","tag-schul-und-kitaschliessungen","tag-soforthilfen-bund","quellen-mdl-stefan-zimkeit"],"_links":{"self":[{"href":"https:\/\/meier-gerdingh.de\/wp-spd-ob\/wp-json\/wp\/v2\/posts\/7028","targetHints":{"allow":["GET"]}}],"collection":[{"href":"https:\/\/meier-gerdingh.de\/wp-spd-ob\/wp-json\/wp\/v2\/posts"}],"about":[{"href":"https:\/\/meier-gerdingh.de\/wp-spd-ob\/wp-json\/wp\/v2\/types\/post"}],"author":[{"embeddable":true,"href":"https:\/\/meier-gerdingh.de\/wp-spd-ob\/wp-json\/wp\/v2\/users\/1"}],"replies":[{"embeddable":true,"href":"https:\/\/meier-gerdingh.de\/wp-spd-ob\/wp-json\/wp\/v2\/comments?post=7028"}],"version-history":[{"count":0,"href":"https:\/\/meier-gerdingh.de\/wp-spd-ob\/wp-json\/wp\/v2\/posts\/7028\/revisions"}],"wp:attachment":[{"href":"https:\/\/meier-gerdingh.de\/wp-spd-ob\/wp-json\/wp\/v2\/media?parent=7028"}],"wp:term":[{"taxonomy":"category","embeddable":true,"href":"https:\/\/meier-gerdingh.de\/wp-spd-ob\/wp-json\/wp\/v2\/categories?post=7028"},{"taxonomy":"post_tag","embeddable":true,"href":"https:\/\/meier-gerdingh.de\/wp-spd-ob\/wp-json\/wp\/v2\/tags?post=7028"},{"taxonomy":"quellen","embeddable":true,"href":"https:\/\/meier-gerdingh.de\/wp-spd-ob\/wp-json\/wp\/v2\/quellen?post=7028"}],"curies":[{"name":"wp","href":"https:\/\/api.w.org\/{rel}","templated":true}]}}