{"id":7031,"date":"2020-03-24T18:47:00","date_gmt":"2020-03-24T17:47:00","guid":{"rendered":"https:\/\/meier-gerdingh.de\/wp-spd-ob\/?p=7031"},"modified":"2020-04-08T13:26:30","modified_gmt":"2020-04-08T11:26:30","slug":"nrw-rettungsschirm-zeigt-maengel","status":"publish","type":"post","link":"https:\/\/meier-gerdingh.de\/wp-spd-ob\/2020\/03\/24\/nrw-rettungsschirm-zeigt-maengel\/","title":{"rendered":"NRW-Rettungsschirm zeigt M\u00e4ngel"},"content":{"rendered":"<p><a href=\"https:\/\/meier-gerdingh.de\/wp-spd-ob\/wp-content\/uploads\/2019\/12\/lt-nrw-2019.jpg\"><img decoding=\"async\" class=\"aligncenter size-full wp-image-6871\" src=\"https:\/\/meier-gerdingh.de\/wp-spd-ob\/wp-content\/uploads\/2019\/12\/lt-nrw-2019.jpg\" alt=\"\" width=\"800\" height=\"300\" srcset=\"https:\/\/meier-gerdingh.de\/wp-spd-ob\/wp-content\/uploads\/2019\/12\/lt-nrw-2019.jpg 800w, https:\/\/meier-gerdingh.de\/wp-spd-ob\/wp-content\/uploads\/2019\/12\/lt-nrw-2019-300x113.jpg 300w, https:\/\/meier-gerdingh.de\/wp-spd-ob\/wp-content\/uploads\/2019\/12\/lt-nrw-2019-768x288.jpg 768w\" sizes=\"(max-width: 800px) 100vw, 800px\" \/><\/a><em>Die SPD-Landtagsfraktion hat in einer Sonderplenarsitzung des nordrhein-westf\u00e4lischen Landtags am heutigen Dienstag daf\u00fcr gestimmt, den geplanten Rettungsschirm in H\u00f6he von insgesamt 25 Milliarden Euro mitzutragen. Dazu erkl\u00e4rt die Landtagsabgeordnete Sonja Bongers:<\/em><\/p>\n<p>&#8222;Es war f\u00fcr uns als Demokraten klar, dass wir diese wichtige Entscheidung unterst\u00fctzen, um die Krise bestm\u00f6glich abzufedern. Dennoch ist das Verhalten der CDU-FDP-Regierung entt\u00e4uschend, nicht einen unserer Vorschl\u00e4ge zu unterst\u00fctzen. Alle \u00c4nderungsantr\u00e4ge, die gerade f\u00fcr viele Menschen wirkliche Auswirkungen h\u00e4tten, wurden abgelehnt. Von Soforthilfen f\u00fcr die Sozialwirtschaft \u00fcber die Unterst\u00fctzung f\u00fcr Frauenh\u00e4user und Sport- und Jugendarbeit bis hin zur Erstattung von Kita- und OGS-Beitr\u00e4gen \u2013 die Fraktionen von CDU und FDP lehnten die Initiativen ausnahmslos ab.&#8220;<!--more--><\/p>\n<p><strong>Unterst\u00fctzung des Sozialwesens<\/strong><\/p>\n<p>&#8222;Gerade Tr\u00e4ger der sozialen Dienste m\u00fcssen durch den Rettungsschirm entlastet werden. Sie leisten derzeit wichtige Arbeit. H\u00e4ufig sind deren Besch\u00e4ftigungsverh\u00e4ltnisse zeitlich begrenzt und liegen finanziell deutlich unter dem, was zum Beispiel in der Banken- und Versicherungswirtschaft gezahlt wird.&#8220;<\/p>\n<p>Besonders kritisch sieht Sonja Bongers die Belastung der Eltern derzeit. &#8222;Viele Eltern m\u00fcssen die Geb\u00fchren f\u00fcr Kitas und den Offenen Ganztag (OGS) weiterhin zahlen. Das sind Kosten von monatlich 200 bis zu 400 Euro. Gerade in Zeiten der Krise fehlt Familien nun dieses Geld.&#8220;<\/p>\n<p><strong>Download:<\/strong><\/p>\n<p><a href=\"https:\/\/meier-gerdingh.de\/wp-spd-ob\/wp-content\/uploads\/2020\/03\/foerderprogramm-coronakrise-hilfen.pdf\" target=\"_blank\" rel=\"noopener noreferrer\">F\u00f6rderprogramme im Rahmen der Coronakrise (pdf-Dokument)<\/a><\/p>\n","protected":false},"excerpt":{"rendered":"<p>Die SPD-Landtagsfraktion hat in einer Sonderplenarsitzung des nordrhein-westf\u00e4lischen Landtags am heutigen Dienstag daf\u00fcr gestimmt, den geplanten Rettungsschirm in H\u00f6he von insgesamt 25 Milliarden Euro mitzutragen. Dazu erkl\u00e4rt die Landtagsabgeordnete Sonja&hellip; <\/p>\n","protected":false},"author":1,"featured_media":0,"comment_status":"closed","ping_status":"closed","sticky":false,"template":"","format":"standard","meta":{"footnotes":""},"categories":[2275,98,297,216],"tags":[2223,2228,2218,782,165,2239,2237,2238,2247,2246],"quellen":[1317],"class_list":["post-7031","post","type-post","status-publish","format-standard","hentry","category-corona-krise","category-finanzen","category-gesundheit","category-land","tag-coronavirus","tag-coronavirus-krise","tag-covid-19-krise","tag-elternbeitraege","tag-kitas","tag-offenener-ganztag","tag-rettungsschirm-coronavirus-krise","tag-schul-und-kitaschliessungen","tag-soziale-dienste","tag-sozialwirtschaft","quellen-mdl-sonja-bongers"],"_links":{"self":[{"href":"https:\/\/meier-gerdingh.de\/wp-spd-ob\/wp-json\/wp\/v2\/posts\/7031","targetHints":{"allow":["GET"]}}],"collection":[{"href":"https:\/\/meier-gerdingh.de\/wp-spd-ob\/wp-json\/wp\/v2\/posts"}],"about":[{"href":"https:\/\/meier-gerdingh.de\/wp-spd-ob\/wp-json\/wp\/v2\/types\/post"}],"author":[{"embeddable":true,"href":"https:\/\/meier-gerdingh.de\/wp-spd-ob\/wp-json\/wp\/v2\/users\/1"}],"replies":[{"embeddable":true,"href":"https:\/\/meier-gerdingh.de\/wp-spd-ob\/wp-json\/wp\/v2\/comments?post=7031"}],"version-history":[{"count":0,"href":"https:\/\/meier-gerdingh.de\/wp-spd-ob\/wp-json\/wp\/v2\/posts\/7031\/revisions"}],"wp:attachment":[{"href":"https:\/\/meier-gerdingh.de\/wp-spd-ob\/wp-json\/wp\/v2\/media?parent=7031"}],"wp:term":[{"taxonomy":"category","embeddable":true,"href":"https:\/\/meier-gerdingh.de\/wp-spd-ob\/wp-json\/wp\/v2\/categories?post=7031"},{"taxonomy":"post_tag","embeddable":true,"href":"https:\/\/meier-gerdingh.de\/wp-spd-ob\/wp-json\/wp\/v2\/tags?post=7031"},{"taxonomy":"quellen","embeddable":true,"href":"https:\/\/meier-gerdingh.de\/wp-spd-ob\/wp-json\/wp\/v2\/quellen?post=7031"}],"curies":[{"name":"wp","href":"https:\/\/api.w.org\/{rel}","templated":true}]}}