{"id":7033,"date":"2020-03-25T17:00:17","date_gmt":"2020-03-25T16:00:17","guid":{"rendered":"https:\/\/meier-gerdingh.de\/wp-spd-ob\/?p=7033"},"modified":"2020-04-08T13:25:37","modified_gmt":"2020-04-08T11:25:37","slug":"stefan-zimkeit-befuerwortet-rettungsschirm","status":"publish","type":"post","link":"https:\/\/meier-gerdingh.de\/wp-spd-ob\/2020\/03\/25\/stefan-zimkeit-befuerwortet-rettungsschirm\/","title":{"rendered":"Stefan Zimkeit bef\u00fcrwortet Rettungsschirm"},"content":{"rendered":"<p>&#8222;Die Kommunen m\u00fcssen einen Platz unter dem Rettungsschirm finden&#8220;, hat der Abgeordnete Stefan Zimkeit in seiner Landtagsrede gefordert. Er geh\u00f6rte zu den Teilnehmenden einer Plenarsitzung, zur der nur ein Drittel der Parlamentarier nach D\u00fcsseldorf gekommen waren, um das Ansteckungsrisiko zu minimieren. Die Sitzung war notwendig, um den 25 Milliarden Euro umfassenden Rettungsschirm f\u00fcr NRW zu beschlie\u00dfen.<\/p>\n<p>&#8222;Dieses von der Landesregierung vorgelegte Hilfspaket ist auf einm\u00fctige Zustimmung des Landtags gesto\u00dfen&#8220;, so Zimkeit. &#8222;Ich bin aber entt\u00e4uscht, dass die schwarz-gelbe Koalition das Angebot der SPD, in der Krise eng zusammenzuarbeiten, nicht angenommen hat. Alle von der SPD-Fraktion vorgelegten Erg\u00e4nzungs- und \u00c4nderungsvorschl\u00e4ge wurde pauschal abgelehnt&#8220;, berichtet der SPD-Finanzexperte aus D\u00fcsseldorf.<!--more--><\/p>\n<p>&#8222;Die St\u00e4dte unter den Schutzschirm zu stellen, war einer unserer Vorschl\u00e4ge. Das w\u00e4re auch f\u00fcr Oberhausen sehr wichtig gewesen, das schon bald krisenbedingt unter zur\u00fcckgehenden Einnahmen leiden wird und sich neu verschulden m\u00fcsste&#8220;, bef\u00fcrchtet Stefan Zimkeit. &#8222;Ich hoffe, die Landesregierung l\u00e4sst die St\u00e4dte nicht allein und \u00fcberdenkt seine ablehnende Haltung.&#8220; <\/p>\n<p>Zimkeit fordert, dass das Land die Kosten \u00fcbernimmt, die durch den Verzicht auf die Elternbeitr\u00e4ge f\u00fcr Kitas und offene Ganztagsschulen entstehen. &#8222;Das w\u00e4re ein erster Schritt, um den Kommunen zu helfen, die sonst ihre Handlungsf\u00e4higkeit verlieren k\u00f6nnten.&#8220;<\/p>\n<p>Stefan Zimkeit spricht sich daf\u00fcr aus, den NRW-Rettungsschirm auch f\u00fcr Investitionen ins Gesundheitswesen verwenden zu k\u00f6nnen. &#8222;Krankenh\u00e4user m\u00fcssen besser auf Krisensituationen vorbereitet sein.&#8220; Au\u00dferdem seien Unterst\u00fctzungsleistungen f\u00fcr Ehrenamtliche und soziale Einrichtungen wie Frauenh\u00e4user n\u00f6tig.<\/p>\n<p>Besonders dringend sei jetzt, dass die Landesregierung eine schnelle und unb\u00fcrokratische Auszahlung der Hilfen gew\u00e4hrleistet, die vom Bund und dem Land bereitgestellt werden. &#8222;Das bedeutet eine gro\u00dfe Kraftanstrengung&#8220;, wei\u00df Stefan Zimkeit, &#8222;aber die betroffenen Menschen sind dringend auf die Unterst\u00fctzung angewiesen&#8220;.<\/p>\n","protected":false},"excerpt":{"rendered":"<p>&#8222;Die Kommunen m\u00fcssen einen Platz unter dem Rettungsschirm finden&#8220;, hat der Abgeordnete Stefan Zimkeit in seiner Landtagsrede gefordert. Er geh\u00f6rte zu den Teilnehmenden einer Plenarsitzung, zur der nur ein Drittel&hellip; <\/p>\n","protected":false},"author":1,"featured_media":0,"comment_status":"closed","ping_status":"closed","sticky":false,"template":"","format":"standard","meta":{"footnotes":""},"categories":[2275,98,297,216],"tags":[2223,2228,2218,782,2240,165,14,1383,534,2239,2237,2238,2241],"quellen":[331],"class_list":["post-7033","post","type-post","status-publish","format-standard","hentry","category-corona-krise","category-finanzen","category-gesundheit","category-land","tag-coronavirus","tag-coronavirus-krise","tag-covid-19-krise","tag-elternbeitraege","tag-gesundheitswesen","tag-kitas","tag-kommunalfinanzen","tag-kommunen","tag-krankenhaeuser","tag-offenener-ganztag","tag-rettungsschirm-coronavirus-krise","tag-schul-und-kitaschliessungen","tag-soforthilfen-bund","quellen-mdl-stefan-zimkeit"],"_links":{"self":[{"href":"https:\/\/meier-gerdingh.de\/wp-spd-ob\/wp-json\/wp\/v2\/posts\/7033","targetHints":{"allow":["GET"]}}],"collection":[{"href":"https:\/\/meier-gerdingh.de\/wp-spd-ob\/wp-json\/wp\/v2\/posts"}],"about":[{"href":"https:\/\/meier-gerdingh.de\/wp-spd-ob\/wp-json\/wp\/v2\/types\/post"}],"author":[{"embeddable":true,"href":"https:\/\/meier-gerdingh.de\/wp-spd-ob\/wp-json\/wp\/v2\/users\/1"}],"replies":[{"embeddable":true,"href":"https:\/\/meier-gerdingh.de\/wp-spd-ob\/wp-json\/wp\/v2\/comments?post=7033"}],"version-history":[{"count":0,"href":"https:\/\/meier-gerdingh.de\/wp-spd-ob\/wp-json\/wp\/v2\/posts\/7033\/revisions"}],"wp:attachment":[{"href":"https:\/\/meier-gerdingh.de\/wp-spd-ob\/wp-json\/wp\/v2\/media?parent=7033"}],"wp:term":[{"taxonomy":"category","embeddable":true,"href":"https:\/\/meier-gerdingh.de\/wp-spd-ob\/wp-json\/wp\/v2\/categories?post=7033"},{"taxonomy":"post_tag","embeddable":true,"href":"https:\/\/meier-gerdingh.de\/wp-spd-ob\/wp-json\/wp\/v2\/tags?post=7033"},{"taxonomy":"quellen","embeddable":true,"href":"https:\/\/meier-gerdingh.de\/wp-spd-ob\/wp-json\/wp\/v2\/quellen?post=7033"}],"curies":[{"name":"wp","href":"https:\/\/api.w.org\/{rel}","templated":true}]}}