{"id":7045,"date":"2020-03-31T19:17:57","date_gmt":"2020-03-31T17:17:57","guid":{"rendered":"https:\/\/meier-gerdingh.de\/wp-spd-ob\/?p=7045"},"modified":"2020-05-25T14:32:09","modified_gmt":"2020-05-25T12:32:09","slug":"staedte-in-der-krise-unterstuetzen","status":"publish","type":"post","link":"https:\/\/meier-gerdingh.de\/wp-spd-ob\/2020\/03\/31\/staedte-in-der-krise-unterstuetzen\/","title":{"rendered":"St\u00e4dte in der Krise unterst\u00fctzen"},"content":{"rendered":"<p><a href=\"https:\/\/meier-gerdingh.de\/wp-spd-ob\/wp-content\/uploads\/2019\/12\/lt-nrw-2019.jpg\"><img decoding=\"async\" class=\"aligncenter size-full wp-image-6871\" src=\"https:\/\/meier-gerdingh.de\/wp-spd-ob\/wp-content\/uploads\/2019\/12\/lt-nrw-2019.jpg\" alt=\"\" width=\"800\" height=\"300\" srcset=\"https:\/\/meier-gerdingh.de\/wp-spd-ob\/wp-content\/uploads\/2019\/12\/lt-nrw-2019.jpg 800w, https:\/\/meier-gerdingh.de\/wp-spd-ob\/wp-content\/uploads\/2019\/12\/lt-nrw-2019-300x113.jpg 300w, https:\/\/meier-gerdingh.de\/wp-spd-ob\/wp-content\/uploads\/2019\/12\/lt-nrw-2019-768x288.jpg 768w\" sizes=\"(max-width: 800px) 100vw, 800px\" \/><\/a>Stefan Zimkeit dr\u00e4ngt weiterhin darauf, dass die Kommunen unter den NRW-Rettungsschirm gestellt werden. &#8222;Die St\u00e4dte sind systemrelevant&#8220;, sagt der finanzpolitische Sprecher der SPD-Landtagsfraktion. Die SPD hat deshalb einen Dringlichkeitsantrag ins Parlament eingebracht, der jedoch aufgrund einer Entscheidung des Landtagspr\u00e4sidiums nicht zugelassen wurde und nun erst am Gr\u00fcndonnerstag beraten soll. &#8222;F\u00fcr St\u00e4dte wie Oberhausen wird die Situation schon in K\u00fcrze dramatisch, weil die Unternehmen ihre Gewerbesteuervorauszahlungen stunden m\u00fcssen&#8220;, sagt Zimkeit. &#8222;Es muss verhindert werden, dass Haushaltssperren und Nachtragshaushalte n\u00f6tig werden.&#8220;<\/p>\n<p>Es r\u00e4che sich, dass die Landesregierung die Grundsatzprobleme der Kommunalfinanzierung noch nicht gel\u00f6st hat. &#8222;Obwohl der St\u00e4rkungspakt Stadtfinanzen nun ausl\u00e4uft, sitzen die Kommunen immer noch auf ihren Altschulden&#8220;, stellt der Oberhausener Finanzexperte fest. &#8222;Die Krise macht eine Altschuldenl\u00f6sung notwendiger denn je. Sie darf nicht als Vorwand missbraucht werden, auf einen Altschuldenfonds zu verzichten&#8220;, appelliert Zimkeit an die CDU in Bund und Land.<!--more--><\/p>\n<p>Schwimmb\u00e4der, Bibliotheken, Theater und Museen k\u00f6nnten zurzeit keinerlei Beitr\u00e4ge zu den weiterlaufenden Kosten erwirtschaften. &#8222;Oberhausen wird schon in kurzer Zeit mit steigenden Kosten zu k\u00e4mpfen haben, auf deren H\u00f6he die Stadt keinerlei Einfluss hat&#8220;, so Zimkeit. &#8222;Aus der zu erwartenden h\u00f6heren Arbeitslosigkeit und Kurzarbeit ergeben sich steigende Sozialausgaben.&#8220;<\/p>\n<p>Stefan Zimkeit bef\u00fcrchtet zudem, dass die Stadt zulasten der \u00f6rtlichen Unternehmen ihre Auftr\u00e4ge zur\u00fcckfahren muss, statt dringend ben\u00f6tigte wirtschaftliche Impulse zu setzen.<\/p>\n<p>&#8222;Den Kommunen m\u00fcssen die Steuerausf\u00e4lle erstattet und die Landeszusch\u00fcsse in voller H\u00f6he garantiert werden, damit sie im Sinne der B\u00fcrgerinnen und B\u00fcrger handlungsf\u00e4hig bleiben&#8220;, fordert Zimkeit. &#8222;Sonst zahlen die Menschen vor Ort \u00fcber Leistungsk\u00fcrzungen und Steuerh\u00f6hungen f\u00fcr die Krise.&#8220; Es k\u00f6nne nicht sein, dass sich der Landesfinanzminister aus dem NRW-Schutzschirm bedienen darf, um Steuermindereinnahmen auszugleichen, die St\u00e4dte aber au\u00dfen vor bleiben.<\/p>\n<p>&#8222;Viele Menschen leisten jetzt Au\u00dfergew\u00f6hnliches&#8220;, weist Zimkeit auf Beispiele aus dem Gesundheitsbereich, dem Einzelhandel und eben auch den Stadtverwaltungen hin. &#8222;Ihnen allen gilt unser Dank.&#8220;<\/p>\n","protected":false},"excerpt":{"rendered":"<p>Stefan Zimkeit dr\u00e4ngt weiterhin darauf, dass die Kommunen unter den NRW-Rettungsschirm gestellt werden. &#8222;Die St\u00e4dte sind systemrelevant&#8220;, sagt der finanzpolitische Sprecher der SPD-Landtagsfraktion. Die SPD hat deshalb einen Dringlichkeitsantrag ins&hellip; <\/p>\n","protected":false},"author":1,"featured_media":0,"comment_status":"closed","ping_status":"closed","sticky":false,"template":"","format":"standard","meta":{"footnotes":""},"categories":[2275,98,216],"tags":[1259,1287,1594,2223,2228,2218,2266,688,2265,14,2263,2262,2267,1014,524,2264,2329],"quellen":[331],"class_list":["post-7045","post","type-post","status-publish","format-standard","hentry","category-corona-krise","category-finanzen","category-land","tag-altschulden","tag-altschuldenfonds","tag-arbeitslosigkeit","tag-coronavirus","tag-coronavirus-krise","tag-covid-19-krise","tag-dringlichkeitsantrag","tag-gewerbesteuer","tag-haushaltssperre","tag-kommunalfinanzen","tag-kurzarbeit","tag-landeszuschuesse","tag-landtag","tag-sozialausgaben","tag-staedtischer-haushalt","tag-staerkungspakt-stadfinanzen","tag-steuerausfaelle","quellen-mdl-stefan-zimkeit"],"_links":{"self":[{"href":"https:\/\/meier-gerdingh.de\/wp-spd-ob\/wp-json\/wp\/v2\/posts\/7045","targetHints":{"allow":["GET"]}}],"collection":[{"href":"https:\/\/meier-gerdingh.de\/wp-spd-ob\/wp-json\/wp\/v2\/posts"}],"about":[{"href":"https:\/\/meier-gerdingh.de\/wp-spd-ob\/wp-json\/wp\/v2\/types\/post"}],"author":[{"embeddable":true,"href":"https:\/\/meier-gerdingh.de\/wp-spd-ob\/wp-json\/wp\/v2\/users\/1"}],"replies":[{"embeddable":true,"href":"https:\/\/meier-gerdingh.de\/wp-spd-ob\/wp-json\/wp\/v2\/comments?post=7045"}],"version-history":[{"count":0,"href":"https:\/\/meier-gerdingh.de\/wp-spd-ob\/wp-json\/wp\/v2\/posts\/7045\/revisions"}],"wp:attachment":[{"href":"https:\/\/meier-gerdingh.de\/wp-spd-ob\/wp-json\/wp\/v2\/media?parent=7045"}],"wp:term":[{"taxonomy":"category","embeddable":true,"href":"https:\/\/meier-gerdingh.de\/wp-spd-ob\/wp-json\/wp\/v2\/categories?post=7045"},{"taxonomy":"post_tag","embeddable":true,"href":"https:\/\/meier-gerdingh.de\/wp-spd-ob\/wp-json\/wp\/v2\/tags?post=7045"},{"taxonomy":"quellen","embeddable":true,"href":"https:\/\/meier-gerdingh.de\/wp-spd-ob\/wp-json\/wp\/v2\/quellen?post=7045"}],"curies":[{"name":"wp","href":"https:\/\/api.w.org\/{rel}","templated":true}]}}