{"id":7052,"date":"2020-04-08T16:21:23","date_gmt":"2020-04-08T14:21:23","guid":{"rendered":"https:\/\/meier-gerdingh.de\/wp-spd-ob\/?p=7052"},"modified":"2020-04-08T16:21:23","modified_gmt":"2020-04-08T14:21:23","slug":"buerokratiemonster-strassenausbau","status":"publish","type":"post","link":"https:\/\/meier-gerdingh.de\/wp-spd-ob\/2020\/04\/08\/buerokratiemonster-strassenausbau\/","title":{"rendered":"B\u00fcrokratiemonster Stra\u00dfenausbau"},"content":{"rendered":"<p><a href=\"https:\/\/meier-gerdingh.de\/wp-spd-ob\/wp-content\/uploads\/2019\/12\/lt-nrw-2019.jpg\"><img decoding=\"async\" class=\"aligncenter size-full wp-image-6871\" src=\"https:\/\/meier-gerdingh.de\/wp-spd-ob\/wp-content\/uploads\/2019\/12\/lt-nrw-2019.jpg\" alt=\"\" width=\"800\" height=\"300\" srcset=\"https:\/\/meier-gerdingh.de\/wp-spd-ob\/wp-content\/uploads\/2019\/12\/lt-nrw-2019.jpg 800w, https:\/\/meier-gerdingh.de\/wp-spd-ob\/wp-content\/uploads\/2019\/12\/lt-nrw-2019-300x113.jpg 300w, https:\/\/meier-gerdingh.de\/wp-spd-ob\/wp-content\/uploads\/2019\/12\/lt-nrw-2019-768x288.jpg 768w\" sizes=\"(max-width: 800px) 100vw, 800px\" \/><\/a>Die Landesregierung hat die Richtlinien f\u00fcr das F\u00f6rderprogramm Stra\u00dfenbaubeitr\u00e4ge ver\u00f6ffentlicht. &#8222;Meine Bef\u00fcrchtung, dass das ein B\u00fcrokratiemonster wird, hat sich best\u00e4tigt &#8222;, kritisiert Stefan Zimkeit (SPD). &#8222;Es w\u00e4re besser gewesen, die Ausbaubeitr\u00e4ge komplett abzuschaffen, um die Anlieger vollst\u00e4ndig zu entlasten.&#8220; Doch leider habe die schwarz-gelbe Koalition einen Vorsto\u00df der SPD zur\u00fcckgewiesen, obwohl sich eine halbe Million B\u00fcrgerinnen und B\u00fcrger hinter die entsprechende Volksinitiative gestellt hatten.<\/p>\n<p>&#8222;Stattdessen setzen CDU und FDP auf ein F\u00f6rderprogramm, das die Stra\u00dfensanierungskosten um bis zu 50 Prozent reduzieren soll. F\u00fcr den Fall, dass das Programm ausgesch\u00f6pft ist, m\u00fcssten die Kommunen aber die Einnahmeausf\u00e4lle selbst tragen&#8220;, beschreibt Stefan Zimkeit eine Benachteiligung der Ruhrgebietsst\u00e4dte.<!--more--><\/p>\n<p>&#8222;Es droht die Gefahr, dass die B\u00fcrgerinnen und B\u00fcrger reicher St\u00e4dte entlastet werden, die in finanzschwachen hingegen nicht.&#8220; Die wegen der Krise drohenden Einnahmeausf\u00e4lle k\u00f6nnten die Unterschiede zus\u00e4tzlich versch\u00e4rfen. &#8222;Den massiv erh\u00f6hten B\u00fcrokratieaufwand hat die Landesregierung auf alle F\u00e4lle an die Kommunen delegiert&#8220;, stellt der SPD-Abgeordnete fest.<\/p>\n","protected":false},"excerpt":{"rendered":"<p>Die Landesregierung hat die Richtlinien f\u00fcr das F\u00f6rderprogramm Stra\u00dfenbaubeitr\u00e4ge ver\u00f6ffentlicht. &#8222;Meine Bef\u00fcrchtung, dass das ein B\u00fcrokratiemonster wird, hat sich best\u00e4tigt &#8222;, kritisiert Stefan Zimkeit (SPD). &#8222;Es w\u00e4re besser gewesen, die&hellip; <\/p>\n","protected":false},"author":1,"featured_media":0,"comment_status":"closed","ping_status":"closed","sticky":false,"template":"","format":"standard","meta":{"footnotes":""},"categories":[216,27],"tags":[2031,2277,1555,2276,1717,2159,1712,1136],"quellen":[331],"class_list":["post-7052","post","type-post","status-publish","format-standard","hentry","category-land","category-planen-bauen-wohnen-verkehr","tag-anliegerbeitraege","tag-foerderprogramm-strassenbaubeitraege","tag-ruhrgebietsstaedte","tag-strassenausbau","tag-strassenausbaubeitraege","tag-strassenausbaugebuehren","tag-strassenbaubeitraege","tag-strassensanierung","quellen-mdl-stefan-zimkeit"],"_links":{"self":[{"href":"https:\/\/meier-gerdingh.de\/wp-spd-ob\/wp-json\/wp\/v2\/posts\/7052","targetHints":{"allow":["GET"]}}],"collection":[{"href":"https:\/\/meier-gerdingh.de\/wp-spd-ob\/wp-json\/wp\/v2\/posts"}],"about":[{"href":"https:\/\/meier-gerdingh.de\/wp-spd-ob\/wp-json\/wp\/v2\/types\/post"}],"author":[{"embeddable":true,"href":"https:\/\/meier-gerdingh.de\/wp-spd-ob\/wp-json\/wp\/v2\/users\/1"}],"replies":[{"embeddable":true,"href":"https:\/\/meier-gerdingh.de\/wp-spd-ob\/wp-json\/wp\/v2\/comments?post=7052"}],"version-history":[{"count":0,"href":"https:\/\/meier-gerdingh.de\/wp-spd-ob\/wp-json\/wp\/v2\/posts\/7052\/revisions"}],"wp:attachment":[{"href":"https:\/\/meier-gerdingh.de\/wp-spd-ob\/wp-json\/wp\/v2\/media?parent=7052"}],"wp:term":[{"taxonomy":"category","embeddable":true,"href":"https:\/\/meier-gerdingh.de\/wp-spd-ob\/wp-json\/wp\/v2\/categories?post=7052"},{"taxonomy":"post_tag","embeddable":true,"href":"https:\/\/meier-gerdingh.de\/wp-spd-ob\/wp-json\/wp\/v2\/tags?post=7052"},{"taxonomy":"quellen","embeddable":true,"href":"https:\/\/meier-gerdingh.de\/wp-spd-ob\/wp-json\/wp\/v2\/quellen?post=7052"}],"curies":[{"name":"wp","href":"https:\/\/api.w.org\/{rel}","templated":true}]}}