{"id":7053,"date":"2020-04-08T16:26:14","date_gmt":"2020-04-08T14:26:14","guid":{"rendered":"https:\/\/meier-gerdingh.de\/wp-spd-ob\/?p=7053"},"modified":"2020-04-08T16:35:48","modified_gmt":"2020-04-08T14:35:48","slug":"suesse-teilchen-fuer-ein-grosses-dankeschoen","status":"publish","type":"post","link":"https:\/\/meier-gerdingh.de\/wp-spd-ob\/2020\/04\/08\/suesse-teilchen-fuer-ein-grosses-dankeschoen\/","title":{"rendered":"S\u00fc\u00dfe Teilchen f\u00fcr ein gro\u00dfes Dankesch\u00f6n"},"content":{"rendered":"<div id=\"attachment_5285\" style=\"width: 190px\" class=\"wp-caption alignleft\"><a href=\"https:\/\/meier-gerdingh.de\/wp-spd-ob\/wp-content\/uploads\/2018\/06\/14_bongers_sonja_1000.jpg\"><img aria-describedby=\"caption-attachment-5285\" decoding=\"async\" class=\"size-full wp-image-5285\" src=\"https:\/\/meier-gerdingh.de\/wp-spd-ob\/wp-content\/uploads\/2018\/06\/14_bongers_sonja.jpg\" alt=\"\" width=\"180\" height=\"180\" srcset=\"https:\/\/meier-gerdingh.de\/wp-spd-ob\/wp-content\/uploads\/2018\/06\/14_bongers_sonja.jpg 180w, https:\/\/meier-gerdingh.de\/wp-spd-ob\/wp-content\/uploads\/2018\/06\/14_bongers_sonja-150x150.jpg 150w\" sizes=\"(max-width: 180px) 100vw, 180px\" \/><\/a><p id=\"caption-attachment-5285\" class=\"wp-caption-text\">Sonja Bongers ist Vorsitzende der SPD-Ratsfraktion und Mitglied des Landtags von Nordrhein-Westfalen<\/p><\/div>\n<p>Tagt\u00e4glich wird es uns durch die Corona-Krise immer wieder bewusst: Ohne die vielen Menschen, die in ihren Berufen oft an die Leistungsgrenze und dar\u00fcber hinaus gehen, h\u00e4tten wir alle es weitaus schwieriger in diesen Tagen. Und dann gibt es da noch die zahlreichen freiwilligen Helferinnen und Helfer \u2013 diejenigen, die nicht lange fragen oder diskutieren, sondern die einfach machen. Die anfassen, damit wir alle \u2013 und besonders die Schw\u00e4cheren und Benachteiligten \u2013 diese krisenhaften Zeiten so gut wie m\u00f6glich \u00fcberstehen.<\/p>\n<p>&#8222;Es ist doch klar: Mit einem einfachen &#8218;Danke&#8216; ist es nicht getan, der gerechtfertigte Beifall \u00e4ndert nichts an den Verh\u00e4ltnissen. Es gibt viele Lehren, die wir aus dieser Krise gesellschaftlich und politisch ziehen m\u00fcssen&#8220;, erkl\u00e4rt Sonja Bongers, die Vorsitzende der SPD-Ratsfraktion. &#8222;Sich nun kurz vor den Feiertagen noch einmal bei all diesen Menschen zu bedanken, ist uns jedoch ein Anliegen. Und es soll auch ein Zeichen sein: Wir werden den Einsatz dieser Menschen, die uns allen durch diese Krise helfen, nicht vergessen.&#8220;<!--more--><\/p>\n<p>Als Zeichen gehen in diesen Tagen 600 &#8222;Coronies&#8220; aus dem Caf\u00e9 Cordes auf die Reise an Menschen, ohne die uns alle diese Krise noch weitaus schwerer treffen w\u00fcrde, als sie das ohnehin schon tut.<\/p>\n<p>&#8222;Nat\u00fcrlich k\u00f6nnen 600 s\u00fc\u00dfe Teilchen nicht ann\u00e4hernd ausdr\u00fccken, wieviel wir den Menschen verdanken: den geduldigen Verk\u00e4uferinnen und Verk\u00e4ufern, all dem medizinischen Personal und den Besch\u00e4ftigten bei Polizei, Feuerwehr und im \u00f6ffentlichen Dienst, und nat\u00fcrlich auch den vielen, vielen Freiwilligen&#8220;, erkl\u00e4rt Sonja Bongers. &#8222;Deshalb sollen die Coronies ein Zeichen sein an alle: Wir danken euch und vergessen euren Einsatz auch nicht.&#8220;<\/p>\n<p>Ende M\u00e4rz hat die Konditormeisterin Angelika Cordes das s\u00fc\u00dfe Dankesch\u00f6n kreiert, in erster Linie gedacht f\u00fcr medizinisches Personal. &#8222;Es schien uns sehr geeignet, mit diesen Coronies unseren Dank auszudr\u00fccken&#8220;, erkl\u00e4rt die Fraktionschefin.<\/p>\n<p><div id=\"attachment_7054\" style=\"width: 310px\" class=\"wp-caption alignleft\"><a href=\"https:\/\/meier-gerdingh.de\/wp-spd-ob\/wp-content\/uploads\/2020\/04\/berg-lg.jpg\"><img aria-describedby=\"caption-attachment-7054\" decoding=\"async\" src=\"https:\/\/meier-gerdingh.de\/wp-spd-ob\/wp-content\/uploads\/2020\/04\/berg.jpg\" alt=\"\" width=\"300\" height=\"345\" class=\"size-full wp-image-7054\" srcset=\"https:\/\/meier-gerdingh.de\/wp-spd-ob\/wp-content\/uploads\/2020\/04\/berg.jpg 300w, https:\/\/meier-gerdingh.de\/wp-spd-ob\/wp-content\/uploads\/2020\/04\/berg-261x300.jpg 261w\" sizes=\"(max-width: 300px) 100vw, 300px\" \/><\/a><p id=\"caption-attachment-7054\" class=\"wp-caption-text\">Thorsten Berg, Kassierer der &#8222;Bernhardiner&#8220;, pr\u00e4sentiert die Coronies, ein Dankesch\u00f6n der SPD-Ratsfraktion an alle Helferinnen und Helfer in der Krise.<\/p><\/div>Das Engagement der Menschen in unserer Stadt ist in diesen Tagen schlie\u00dflich breit gef\u00e4chert. Dass die Oberhausener Tafel ihren Dienst wieder aufnehmen konnte und nun mobil ist, liegt zu einem gro\u00dfen Teil am ehrenamtlichen Engagement der 1. Senatorengemeinschaft &#8222;Die Bernhardiner&#8220;.<\/p>\n<p>&#8222;Wir hatten vom Angebot des ersten Gabenzauns am &#8218;Druckluft&#8216; gelesen und fanden die Idee toll, die wollten wir ausweiten, zun\u00e4chst nach Sterkrade&#8220;, erkl\u00e4rt Thorsten Berg, Kassierer der &#8222;Bernhardiner&#8220;. &#8222;Schlie\u00dflich entwickelte sich die Idee, die Tafel mobil zu machen, einerseits um die bed\u00fcrftigen Menschen besser zu erreichen, andererseits auch, um das Infektionsrisiko m\u00f6glichst klein zu halten.&#8220;<\/p>\n<p>Da traf es sich nat\u00fcrlich, dass die Tafel-Vorsitzende Petra Schiffmann selbst Bernhardiner-Senatorin ist. Kurze Wege machen vieles einfacher und so nahm die mobile Tafel am Montag ihren Dienst auf. &#8222;Der erste Tag der Verteilung ist schon sehr gut gelaufen&#8220;, res\u00fcmiert Thorsten Berg, &#8222;doch es ist uns auch klar, dass diese Hilfe eher mittel- bis langfristig angelegt sein muss.&#8220; Hier sind also nicht nur Coronies, sondern auch helfende H\u00e4nde gefragt.<\/p>\n<p><div id=\"attachment_7056\" style=\"width: 310px\" class=\"wp-caption alignright\"><a href=\"https:\/\/meier-gerdingh.de\/wp-spd-ob\/wp-content\/uploads\/2020\/04\/wegner-lg.jpg\"><img aria-describedby=\"caption-attachment-7056\" decoding=\"async\" src=\"https:\/\/meier-gerdingh.de\/wp-spd-ob\/wp-content\/uploads\/2020\/04\/wegner.jpg\" alt=\"\" width=\"300\" height=\"400\" class=\"size-full wp-image-7056\" srcset=\"https:\/\/meier-gerdingh.de\/wp-spd-ob\/wp-content\/uploads\/2020\/04\/wegner.jpg 300w, https:\/\/meier-gerdingh.de\/wp-spd-ob\/wp-content\/uploads\/2020\/04\/wegner-225x300.jpg 225w\" sizes=\"(max-width: 300px) 100vw, 300px\" \/><\/a><p id=\"caption-attachment-7056\" class=\"wp-caption-text\">Claudia Wegner geh\u00f6rt zu den Menschen, die nicht lange warten, sondern anpacken, wenn Hilfe gebraucht wird. Sei es an der heimischen N\u00e4hmaschine oder auf einer Krankenstation.<\/p><\/div>&#8222;Na ja, ich tu&#8216; ja noch nicht wirklich was&#8220;, beschwichtigt Claudia Wegner gleich zum Beginn des Gespr\u00e4chs. So ganz stimmt das ja nicht, aber es passt ins Bild der examinierten Krankenschwester, die nicht viel Aufhebens um ihren Einsatz macht. Hauptberuflich arbeitet sie f\u00fcr das Ambulante Hospiz Oberhausen als Koordinatorin.<\/p>\n<p>&#8222;Die Hospizarbeit ist uns derzeit leider nur sehr eingeschr\u00e4nkt m\u00f6glich, wir k\u00f6nnen im Moment eigentlich nur Telefongespr\u00e4che anbieten&#8220;, erkl\u00e4rt Claudia Wegner. Die Ehrenamtlichen sprachen sie an, ob es denn etwas anderes Sinnvolles derzeit zu tun gebe \u2013 und so gr\u00fcndete sich, nach R\u00fccksprache mit Alteneinrichtungen der Stadt, flugs eine N\u00e4hgruppe, die die Einrichtungen mit Behelfsmasken versorgt. Mehr als 70 St\u00fcck hat Claudia Wegner schon an der eigenen N\u00e4hmaschine hergestellt, die Zahl soll steigen.<\/p>\n<p>Und sollte, was niemand hofft, die Covid-Pandemie die personellen Kapazit\u00e4ten der hiesigen Krankenh\u00e4user \u00fcbersteigen, steht sie bereit. &#8222;Ich habe mir ein paar Tage dar\u00fcber Gedanken gemacht&#8220;, erkl\u00e4rt sie, &#8222;und schlie\u00dflich auch mit meinem ehemaligen Pflegedienstleiter gesprochen. Der hat jetzt meine Handy-Nummer, ich k\u00f6nnte jederzeit einsteigen und helfen&#8220;, so die gelernte Krankenschwester, die immerhin 33 Jahre in der Pflege im KKO gearbeitet hat.<\/p>\n<p>Das Risiko ist ihr bewusst, auch ihrer Familie. &#8222;Die kennen mich ja und wissen, wie ich ticke.&#8220; Claudia Wegner fragt nicht lange, sie packt an. Wie viele andere auch in diesen Tagen.<\/p>\n<p>Danke!<\/p>\n","protected":false},"excerpt":{"rendered":"<p>Tagt\u00e4glich wird es uns durch die Corona-Krise immer wieder bewusst: Ohne die vielen Menschen, die in ihren Berufen oft an die Leistungsgrenze und dar\u00fcber hinaus gehen, h\u00e4tten wir alle es&hellip; <\/p>\n","protected":false},"author":1,"featured_media":0,"comment_status":"closed","ping_status":"closed","sticky":false,"template":"","format":"standard","meta":{"footnotes":""},"categories":[2275,596,297],"tags":[2278,2280,2223,2228,2218,2279,2281],"quellen":[326],"class_list":["post-7053","post","type-post","status-publish","format-standard","hentry","category-corona-krise","category-ehrenamtliches-engagement","category-gesundheit","tag-die-bernhardiner","tag-ambulantes-hospiz-oberhausen","tag-coronavirus","tag-coronavirus-krise","tag-covid-19-krise","tag-oberhausener-tafel","tag-schutzmasken","quellen-spd-fraktion-oberhausen"],"_links":{"self":[{"href":"https:\/\/meier-gerdingh.de\/wp-spd-ob\/wp-json\/wp\/v2\/posts\/7053","targetHints":{"allow":["GET"]}}],"collection":[{"href":"https:\/\/meier-gerdingh.de\/wp-spd-ob\/wp-json\/wp\/v2\/posts"}],"about":[{"href":"https:\/\/meier-gerdingh.de\/wp-spd-ob\/wp-json\/wp\/v2\/types\/post"}],"author":[{"embeddable":true,"href":"https:\/\/meier-gerdingh.de\/wp-spd-ob\/wp-json\/wp\/v2\/users\/1"}],"replies":[{"embeddable":true,"href":"https:\/\/meier-gerdingh.de\/wp-spd-ob\/wp-json\/wp\/v2\/comments?post=7053"}],"version-history":[{"count":0,"href":"https:\/\/meier-gerdingh.de\/wp-spd-ob\/wp-json\/wp\/v2\/posts\/7053\/revisions"}],"wp:attachment":[{"href":"https:\/\/meier-gerdingh.de\/wp-spd-ob\/wp-json\/wp\/v2\/media?parent=7053"}],"wp:term":[{"taxonomy":"category","embeddable":true,"href":"https:\/\/meier-gerdingh.de\/wp-spd-ob\/wp-json\/wp\/v2\/categories?post=7053"},{"taxonomy":"post_tag","embeddable":true,"href":"https:\/\/meier-gerdingh.de\/wp-spd-ob\/wp-json\/wp\/v2\/tags?post=7053"},{"taxonomy":"quellen","embeddable":true,"href":"https:\/\/meier-gerdingh.de\/wp-spd-ob\/wp-json\/wp\/v2\/quellen?post=7053"}],"curies":[{"name":"wp","href":"https:\/\/api.w.org\/{rel}","templated":true}]}}