{"id":7064,"date":"2020-04-09T20:50:23","date_gmt":"2020-04-09T18:50:23","guid":{"rendered":"https:\/\/meier-gerdingh.de\/wp-spd-ob\/?p=7064"},"modified":"2020-04-11T20:53:02","modified_gmt":"2020-04-11T18:53:02","slug":"eltern-und-kommunen-duerfen-nicht-mit-kita-gebuehren-belastet-werden","status":"publish","type":"post","link":"https:\/\/meier-gerdingh.de\/wp-spd-ob\/2020\/04\/09\/eltern-und-kommunen-duerfen-nicht-mit-kita-gebuehren-belastet-werden\/","title":{"rendered":"Eltern und Kommunen d\u00fcrfen nicht mit Kita-Geb\u00fchren belastet werden"},"content":{"rendered":"<div id=\"attachment_4242\" style=\"width: 150px\" class=\"wp-caption alignleft\"><a href=\"https:\/\/meier-gerdingh.de\/wp-spd-ob\/wp-content\/uploads\/2017\/05\/zimkeit_stefan_17.jpg\"><img aria-describedby=\"caption-attachment-4242\" decoding=\"async\" class=\"size-full wp-image-4242\" src=\"https:\/\/meier-gerdingh.de\/wp-spd-ob\/wp-content\/uploads\/2017\/05\/zimkeit_stefan_17.jpg\" alt=\"\" width=\"140\" height=\"192\" \/><\/a><p id=\"caption-attachment-4242\" class=\"wp-caption-text\">Stefan Zimkeit ist Landtagsabgeordneter f\u00fcr Oberhausen-Sterkrade und Dinslaken sowie haushalts- und finanzpolitischer Sprecher der SPD-Landtagsfraktion<\/p><\/div>\n<p>&#8222;Wenn wegen der Coronakrise Kitas und Schulen geschlossen sind, d\u00fcrfen auch keine Elternbeitr\u00e4ge erhoben werden&#8220;, fordert Stefan Zimkeit. Er spricht sich daf\u00fcr aus, den Eltern die Geb\u00fchren f\u00fcr Kita- und Ganztagsschulbetreuung von Mitte M\u00e4rz bis Ende April zu erlassen. &#8222;Die ausfallenden st\u00e4dtischen Einnahmen muss das Land komplett \u00fcbernehmen. Der Vorschlag der Landesregierung, nur 50 Prozent zu erstatten, reicht nicht aus.&#8220;<\/p>\n<p>Deshalb hat der SPD-Abgeordnete Zimkeit beantragt, aus dem NRW-Rettungsschirm 126 Millionen Euro zum Ausgleich f\u00fcr fehlende Elternbeitr\u00e4ge zur Verf\u00fcgung zu stellen, die die nordrhein-westf\u00e4lischen Kommunen im Normalfall f\u00fcr den halben M\u00e4rz und den ganzen April einnehmen w\u00fcrden.<!--more--><\/p>\n<p>&#8222;Leider ist dieser Antrag an der schwarz-gelben Koalitionsmehrheit gescheitert&#8220;, berichtet Zimkeit nach der Sitzung des NRW-Haushaltsausschusses. &#8222;Damit wurde die Chance vertan, dass das Land einen Beitrag leistet, Familien zu entlasten und den Kommunen angesichts der derzeit angespannte Haushaltslage zu helfen.&#8220;<\/p>\n<p>Er bef\u00fcrchtet, dass die meisten St\u00e4dte keine finanziellen M\u00f6glichkeiten haben, den Eltern auch die H\u00e4lfte des M\u00e4rz-Beitrags zur\u00fcckzugeben. &#8222;Allein der Verzicht auf die Kitageb\u00fchren f\u00fcr den Monat April rei\u00dft ein gro\u00dfes Loch in die kommunalen Haushalte&#8220;, sagt der finanzpolitische Sprecher der SPD-Landtagsfraktion.<\/p>\n","protected":false},"excerpt":{"rendered":"<p>&#8222;Wenn wegen der Coronakrise Kitas und Schulen geschlossen sind, d\u00fcrfen auch keine Elternbeitr\u00e4ge erhoben werden&#8220;, fordert Stefan Zimkeit. Er spricht sich daf\u00fcr aus, den Eltern die Geb\u00fchren f\u00fcr Kita- und&hellip; <\/p>\n","protected":false},"author":1,"featured_media":0,"comment_status":"closed","ping_status":"closed","sticky":false,"template":"","format":"standard","meta":{"footnotes":""},"categories":[2275,98,297,179],"tags":[2223,2228,2218,782,778,165,14,2239,2282,2238],"quellen":[331],"class_list":["post-7064","post","type-post","status-publish","format-standard","hentry","category-corona-krise","category-finanzen","category-gesundheit","category-kinder-und-jugendliche","tag-coronavirus","tag-coronavirus-krise","tag-covid-19-krise","tag-elternbeitraege","tag-kita-gebuehren","tag-kitas","tag-kommunalfinanzen","tag-offenener-ganztag","tag-rettungsschirm-coronavirus","tag-schul-und-kitaschliessungen","quellen-mdl-stefan-zimkeit"],"_links":{"self":[{"href":"https:\/\/meier-gerdingh.de\/wp-spd-ob\/wp-json\/wp\/v2\/posts\/7064","targetHints":{"allow":["GET"]}}],"collection":[{"href":"https:\/\/meier-gerdingh.de\/wp-spd-ob\/wp-json\/wp\/v2\/posts"}],"about":[{"href":"https:\/\/meier-gerdingh.de\/wp-spd-ob\/wp-json\/wp\/v2\/types\/post"}],"author":[{"embeddable":true,"href":"https:\/\/meier-gerdingh.de\/wp-spd-ob\/wp-json\/wp\/v2\/users\/1"}],"replies":[{"embeddable":true,"href":"https:\/\/meier-gerdingh.de\/wp-spd-ob\/wp-json\/wp\/v2\/comments?post=7064"}],"version-history":[{"count":0,"href":"https:\/\/meier-gerdingh.de\/wp-spd-ob\/wp-json\/wp\/v2\/posts\/7064\/revisions"}],"wp:attachment":[{"href":"https:\/\/meier-gerdingh.de\/wp-spd-ob\/wp-json\/wp\/v2\/media?parent=7064"}],"wp:term":[{"taxonomy":"category","embeddable":true,"href":"https:\/\/meier-gerdingh.de\/wp-spd-ob\/wp-json\/wp\/v2\/categories?post=7064"},{"taxonomy":"post_tag","embeddable":true,"href":"https:\/\/meier-gerdingh.de\/wp-spd-ob\/wp-json\/wp\/v2\/tags?post=7064"},{"taxonomy":"quellen","embeddable":true,"href":"https:\/\/meier-gerdingh.de\/wp-spd-ob\/wp-json\/wp\/v2\/quellen?post=7064"}],"curies":[{"name":"wp","href":"https:\/\/api.w.org\/{rel}","templated":true}]}}