{"id":7068,"date":"2020-04-15T20:30:27","date_gmt":"2020-04-15T18:30:27","guid":{"rendered":"https:\/\/meier-gerdingh.de\/wp-spd-ob\/?p=7068"},"modified":"2020-04-16T20:32:15","modified_gmt":"2020-04-16T18:32:15","slug":"zimkeit-lehnt-schuloeffnung-zum-20-april-ab","status":"publish","type":"post","link":"https:\/\/meier-gerdingh.de\/wp-spd-ob\/2020\/04\/15\/zimkeit-lehnt-schuloeffnung-zum-20-april-ab\/","title":{"rendered":"Zimkeit lehnt Schul\u00f6ffnung zum 20. April ab"},"content":{"rendered":"<p>&#8222;Eine unvorbereitete \u00d6ffnung der Oberhausener Schulen am n\u00e4chsten Montag w\u00e4re voreilig und gef\u00e4hrlich&#8220;, kritisiert Stefan Zimkeit eine Ank\u00fcndigung von Schulministerin Yvonne Gebauer. Sie hatte erkl\u00e4rt, dass es &#8222;ihr festes Ziel&#8220; sei, dass der Unterricht am 20. April wiederbeginnt.<\/p>\n<p>&#8222;Die organisatorische Garantie des Mindestabstandes, die Frage des Mundschutzes und die Umsetzung hygienischer Standards m\u00fcssen sorgf\u00e4ltig vorbereitet werden. Wie soll das funktionieren, wenn es dazu noch keine eindeutigen und verbindlichen Vorgaben gibt?&#8220;, fragt der SPD-Landtagsabgeordnete. &#8222;Es geht auch um schulorganisatorische Ma\u00dfnahmen, die sich nicht an einem langen Wochenende auf die Schnelle umsetzen lassen, wenn noch nicht einmal R\u00fcckfragen in D\u00fcsseldorf m\u00f6glich sind.&#8220;<!--more--><\/p>\n<p>Stefan Zimkeit weist auf die gesundheitlichen Risiken aller Beteiligten hin. &#8222;Die Verantwortung daf\u00fcr darf nicht auf die Schulleitungen und Schultr\u00e4ger abgew\u00e4lzt werden. Lehrkr\u00e4fte, Eltern sowie Sch\u00fclerinnen und Sch\u00fcler m\u00fcssen die Chance haben, sich auf die Situation einzustellen und offenen Fragen zu kl\u00e4ren. Und es m\u00fcssen klare Regeln f\u00fcr den Gesundheitsschutz von Risikogruppen bei den Lehrkr\u00e4ften sowie Sch\u00fclerinnen und Sch\u00fclern in Kraft treten&#8220;, so Zimkeit. &#8222;Sorgfalt muss Priorit\u00e4t haben.&#8220;<\/p>\n<p>Stefan Zimkeit h\u00e4lt es f\u00fcr fahrl\u00e4ssig, das Datum der Schul\u00f6ffnung zu verk\u00fcnden, ohne die notwendigen Vorbereitungen getroffen zu haben. &#8222;Als erstes m\u00fcssen die Schulen in die Lage versetzt werden, unter verantwortbaren Bedingungen Unterricht anbieten zu k\u00f6nnen. Erst dann darf ein konkretes Datum genannt werden&#8220;, fordert Stefan Zimkeit. Bei den Grundschulen m\u00fcsse zudem die Organisation des offenen Ganztags gekl\u00e4rt werden.<\/p>\n<p>Zimkeit mahnt die Landesregierung, auch die Fragen hinsichtlich des \u00f6ffentlichen Nahverkehrs zu beantworten. &#8222;Es kann nicht sein, dass in den Schulen Abstandregeln gelten, bei der Anfahrt in Bus und Bahn aber das \u00fcbliche Gedr\u00e4nge herrscht.&#8220; Dies stelle auch die STOAG vor gro\u00dfe Herausforderungen.<\/p>\n","protected":false},"excerpt":{"rendered":"<p>&#8222;Eine unvorbereitete \u00d6ffnung der Oberhausener Schulen am n\u00e4chsten Montag w\u00e4re voreilig und gef\u00e4hrlich&#8220;, kritisiert Stefan Zimkeit eine Ank\u00fcndigung von Schulministerin Yvonne Gebauer. Sie hatte erkl\u00e4rt, dass es &#8222;ihr festes Ziel&#8220;&hellip; <\/p>\n","protected":false},"author":1,"featured_media":0,"comment_status":"closed","ping_status":"closed","sticky":false,"template":"","format":"standard","meta":{"footnotes":""},"categories":[2275,216,2],"tags":[2223,2228,2218,2238],"quellen":[331],"class_list":["post-7068","post","type-post","status-publish","format-standard","hentry","category-corona-krise","category-land","category-schule","tag-coronavirus","tag-coronavirus-krise","tag-covid-19-krise","tag-schul-und-kitaschliessungen","quellen-mdl-stefan-zimkeit"],"_links":{"self":[{"href":"https:\/\/meier-gerdingh.de\/wp-spd-ob\/wp-json\/wp\/v2\/posts\/7068","targetHints":{"allow":["GET"]}}],"collection":[{"href":"https:\/\/meier-gerdingh.de\/wp-spd-ob\/wp-json\/wp\/v2\/posts"}],"about":[{"href":"https:\/\/meier-gerdingh.de\/wp-spd-ob\/wp-json\/wp\/v2\/types\/post"}],"author":[{"embeddable":true,"href":"https:\/\/meier-gerdingh.de\/wp-spd-ob\/wp-json\/wp\/v2\/users\/1"}],"replies":[{"embeddable":true,"href":"https:\/\/meier-gerdingh.de\/wp-spd-ob\/wp-json\/wp\/v2\/comments?post=7068"}],"version-history":[{"count":0,"href":"https:\/\/meier-gerdingh.de\/wp-spd-ob\/wp-json\/wp\/v2\/posts\/7068\/revisions"}],"wp:attachment":[{"href":"https:\/\/meier-gerdingh.de\/wp-spd-ob\/wp-json\/wp\/v2\/media?parent=7068"}],"wp:term":[{"taxonomy":"category","embeddable":true,"href":"https:\/\/meier-gerdingh.de\/wp-spd-ob\/wp-json\/wp\/v2\/categories?post=7068"},{"taxonomy":"post_tag","embeddable":true,"href":"https:\/\/meier-gerdingh.de\/wp-spd-ob\/wp-json\/wp\/v2\/tags?post=7068"},{"taxonomy":"quellen","embeddable":true,"href":"https:\/\/meier-gerdingh.de\/wp-spd-ob\/wp-json\/wp\/v2\/quellen?post=7068"}],"curies":[{"name":"wp","href":"https:\/\/api.w.org\/{rel}","templated":true}]}}