{"id":7071,"date":"2020-04-17T14:51:28","date_gmt":"2020-04-17T12:51:28","guid":{"rendered":"https:\/\/meier-gerdingh.de\/wp-spd-ob\/?p=7071"},"modified":"2020-04-17T14:51:28","modified_gmt":"2020-04-17T12:51:28","slug":"zimkeit-haelt-centro-oeffnung-fuer-unverantwortlich","status":"publish","type":"post","link":"https:\/\/meier-gerdingh.de\/wp-spd-ob\/2020\/04\/17\/zimkeit-haelt-centro-oeffnung-fuer-unverantwortlich\/","title":{"rendered":"Zimkeit h\u00e4lt Centro-\u00d6ffnung f\u00fcr unverantwortlich"},"content":{"rendered":"<p><a href=\"https:\/\/meier-gerdingh.de\/wp-spd-ob\/wp-content\/uploads\/2020\/04\/centro-2019-lg.jpg\"><img decoding=\"async\" class=\"aligncenter size-full wp-image-7069\" src=\"https:\/\/meier-gerdingh.de\/wp-spd-ob\/wp-content\/uploads\/2020\/04\/centro-2019.jpg\" alt=\"\" width=\"720\" height=\"451\" srcset=\"https:\/\/meier-gerdingh.de\/wp-spd-ob\/wp-content\/uploads\/2020\/04\/centro-2019.jpg 720w, https:\/\/meier-gerdingh.de\/wp-spd-ob\/wp-content\/uploads\/2020\/04\/centro-2019-300x188.jpg 300w\" sizes=\"(max-width: 720px) 100vw, 720px\" \/><\/a>&#8222;Die von der Landesregierung angek\u00fcndigte Wieder\u00f6ffnung des Centros und anderer Shoppingmalls ist absolut unverantwortlich&#8220;, zeigt sich Stefan Zimkeit (SPD) besorgt. Er wirft NRW-Gesundheitsminister Karl-Josef Laumann (CDU) vor, den Gesundheitsschutz hinter wirtschaftliche \u00dcberlegungen zu stellen. &#8222;Die 800-Quadratmeter-Obergrenze wurde beschlossen, um w\u00e4hrend der Pandemie keine Treffpunkte f\u00fcr gro\u00dfe Menschenmengen zu schaffen.&#8220; Zimkeit h\u00e4lt es f\u00fcr falsch, mit dem Centro einen der gr\u00f6\u00dften Magneten f\u00fcr die Menschen in NRW zu \u00f6ffnen.<\/p>\n<p>&#8222;Die allergr\u00f6\u00dfte Mehrzahl der Menschen hat gro\u00dfes Verst\u00e4ndnis daf\u00fcr, dass es das gewohnte Einkaufserlebnis in der n\u00e4chsten Zeit nicht geben wird. Es nicht nachvollziehbar, dass Ausflugsziele gesperrt, Amateursportst\u00e4tten und Gastronomie geschlossenen und auch kleine Veranstaltungen verboten bleiben m\u00fcssen, riesige Shoppingcenter aber ge\u00f6ffnet werden k\u00f6nnen&#8220;, sagt der Oberhausener Landtagsabgeordnete.<!--more--><\/p>\n<p>&#8222;Das Centro darf nicht zum Anziehungspunkt f\u00fcr diejenigen werden, denen Zuhause die Decke auf den Kopf f\u00e4llt.&#8220; Stefan Zimkeit denkt dabei besonders an die Jugendlichen, die weiterhin tags\u00fcber viel Zeit haben, weil sie nicht zur Schule gehen k\u00f6nnen.<\/p>\n<p>&#8222;Es ist illusorisch, zu glauben, die Hygiene- und Abstandsregeln k\u00f6nnten vor und innerhalb der Mall l\u00fcckenlos durchgesetzt werden. Wir k\u00f6nnen es uns auch nicht erlauben, es auszuprobieren.&#8220; Zudem bestehe die Gefahr, dass es an den Eingangsbereichen und den Haltestellen f\u00fcr Bus und Bahn zu Menschenansammlungen kommt.<\/p>\n<p>Zimkeit fordert von Armin Laschet, sich an die Vereinbarungen der Ministerpr\u00e4sidenten mit der Bundesregierung zu halten und keine NRW-Sonderstellung auf Kosten des Schutzes der Gesundheit einzunehmen. Sollte die \u00d6ffnung des Centro tats\u00e4chlich erfolgen, m\u00fcsse die Stadt streng kontrollieren, dass alle Ma\u00dfnahmen zum Gesundheitsschutz eingehalten werden und dass es in und um den Geb\u00e4udekomplex nicht zu Besucheransammlungen kommt.<\/p>\n","protected":false},"excerpt":{"rendered":"<p>&#8222;Die von der Landesregierung angek\u00fcndigte Wieder\u00f6ffnung des Centros und anderer Shoppingmalls ist absolut unverantwortlich&#8220;, zeigt sich Stefan Zimkeit (SPD) besorgt. Er wirft NRW-Gesundheitsminister Karl-Josef Laumann (CDU) vor, den Gesundheitsschutz hinter&hellip; <\/p>\n","protected":false},"author":1,"featured_media":0,"comment_status":"closed","ping_status":"closed","sticky":false,"template":"","format":"standard","meta":{"footnotes":""},"categories":[2275,297,216],"tags":[2189,2223,2228,2218,2284],"quellen":[331],"class_list":["post-7071","post","type-post","status-publish","format-standard","hentry","category-corona-krise","category-gesundheit","category-land","tag-centro","tag-coronavirus","tag-coronavirus-krise","tag-covid-19-krise","tag-gesundheitsschutz","quellen-mdl-stefan-zimkeit"],"_links":{"self":[{"href":"https:\/\/meier-gerdingh.de\/wp-spd-ob\/wp-json\/wp\/v2\/posts\/7071","targetHints":{"allow":["GET"]}}],"collection":[{"href":"https:\/\/meier-gerdingh.de\/wp-spd-ob\/wp-json\/wp\/v2\/posts"}],"about":[{"href":"https:\/\/meier-gerdingh.de\/wp-spd-ob\/wp-json\/wp\/v2\/types\/post"}],"author":[{"embeddable":true,"href":"https:\/\/meier-gerdingh.de\/wp-spd-ob\/wp-json\/wp\/v2\/users\/1"}],"replies":[{"embeddable":true,"href":"https:\/\/meier-gerdingh.de\/wp-spd-ob\/wp-json\/wp\/v2\/comments?post=7071"}],"version-history":[{"count":0,"href":"https:\/\/meier-gerdingh.de\/wp-spd-ob\/wp-json\/wp\/v2\/posts\/7071\/revisions"}],"wp:attachment":[{"href":"https:\/\/meier-gerdingh.de\/wp-spd-ob\/wp-json\/wp\/v2\/media?parent=7071"}],"wp:term":[{"taxonomy":"category","embeddable":true,"href":"https:\/\/meier-gerdingh.de\/wp-spd-ob\/wp-json\/wp\/v2\/categories?post=7071"},{"taxonomy":"post_tag","embeddable":true,"href":"https:\/\/meier-gerdingh.de\/wp-spd-ob\/wp-json\/wp\/v2\/tags?post=7071"},{"taxonomy":"quellen","embeddable":true,"href":"https:\/\/meier-gerdingh.de\/wp-spd-ob\/wp-json\/wp\/v2\/quellen?post=7071"}],"curies":[{"name":"wp","href":"https:\/\/api.w.org\/{rel}","templated":true}]}}