{"id":7072,"date":"2020-04-21T15:14:24","date_gmt":"2020-04-21T13:14:24","guid":{"rendered":"https:\/\/meier-gerdingh.de\/wp-spd-ob\/?p=7072"},"modified":"2020-04-21T15:15:11","modified_gmt":"2020-04-21T13:15:11","slug":"sonja-bongers-lobt-grenzueberschreitende-hilfe-bei-waldbraenden","status":"publish","type":"post","link":"https:\/\/meier-gerdingh.de\/wp-spd-ob\/2020\/04\/21\/sonja-bongers-lobt-grenzueberschreitende-hilfe-bei-waldbraenden\/","title":{"rendered":"Sonja Bongers lobt grenz\u00fcberschreitende Hilfe bei Waldbr\u00e4nden"},"content":{"rendered":"<div id=\"attachment_5285\" style=\"width: 190px\" class=\"wp-caption alignleft\"><a href=\"https:\/\/meier-gerdingh.de\/wp-spd-ob\/wp-content\/uploads\/2018\/06\/14_bongers_sonja_1000.jpg\"><img aria-describedby=\"caption-attachment-5285\" decoding=\"async\" class=\"size-full wp-image-5285\" src=\"https:\/\/meier-gerdingh.de\/wp-spd-ob\/wp-content\/uploads\/2018\/06\/14_bongers_sonja.jpg\" alt=\"\" width=\"180\" height=\"180\" srcset=\"https:\/\/meier-gerdingh.de\/wp-spd-ob\/wp-content\/uploads\/2018\/06\/14_bongers_sonja.jpg 180w, https:\/\/meier-gerdingh.de\/wp-spd-ob\/wp-content\/uploads\/2018\/06\/14_bongers_sonja-150x150.jpg 150w\" sizes=\"(max-width: 180px) 100vw, 180px\" \/><\/a><p id=\"caption-attachment-5285\" class=\"wp-caption-text\">Sonja Bongers ist Vorsitzende der SPD-Ratsfraktion und Mitglied des Landtags von Nordrhein-Westfalen<\/p><\/div>\n<p>Die Vorsitzende der SPD-Ratsfraktion Sonja Bongers hat den Einsatz der Oberhausener Feuerwehr in den grenznahen Waldbrandgebieten in den Niederlanden gelobt. &#8222;Der Hilfseinsatz unserer Feuerwehr in der niederl\u00e4ndischen Gemeinde Herkenbosch war vorbildlich&#8220;, erkl\u00e4rt die Landtagsabgeordnete. &#8222;Die dort geleistete Unterst\u00fctzung bei der Waldbrandbek\u00e4mpfung zeigt wieder einmal, wie wichtig der Zusammenhalt in Europa und die Nachbarschaftshilfe sind.&#8220;<!--more--><\/p>\n<p>Auf einer Fl\u00e4che von rund 35 Hektar stehen Teile des Naturschutzgebietes Herkenbosch in Flammen. Die niederl\u00e4ndische Feuerwehr hatte einen Wasserf\u00f6rderungszug angefordert, der mit einem speziellen Abrollbeh\u00e4ltersystem ausgestattet ist. Dieses System erm\u00f6glicht die Brandbek\u00e4mpfung \u00fcber lange Wegstrecken.<\/p>\n<p>Erg\u00e4nzt wird diese Komponente durch ein F\u00fchrungsfahrzeug, einen Ger\u00e4tewagen, ein L\u00f6schfahrzeug und ein Mannschaftstransportfahrzeug, hei\u00dft es von Seiten der Feuerwehr.<\/p>\n<p>Die Ursache des Feuers ist noch unklar, wegen der gro\u00dfen D\u00fcrre der vergangenen Tage hatten die niederl\u00e4ndischen Beh\u00f6rden vor Waldbr\u00e4nden gewarnt.<\/p>\n","protected":false},"excerpt":{"rendered":"<p>Die Vorsitzende der SPD-Ratsfraktion Sonja Bongers hat den Einsatz der Oberhausener Feuerwehr in den grenznahen Waldbrandgebieten in den Niederlanden gelobt. &#8222;Der Hilfseinsatz unserer Feuerwehr in der niederl\u00e4ndischen Gemeinde Herkenbosch war&hellip; <\/p>\n","protected":false},"author":1,"featured_media":0,"comment_status":"closed","ping_status":"closed","sticky":false,"template":"","format":"standard","meta":{"footnotes":""},"categories":[7,29],"tags":[278,895,2287,2285,2288,2286],"quellen":[326],"class_list":["post-7072","post","type-post","status-publish","format-standard","hentry","category-sicherheit","category-umwelt","tag-feuerwehr","tag-feuerwehr-oberhausen","tag-hilfseinsatz","tag-naturschutzgebiet-herkenbosch","tag-niederlande","tag-waldbraende","quellen-spd-fraktion-oberhausen"],"_links":{"self":[{"href":"https:\/\/meier-gerdingh.de\/wp-spd-ob\/wp-json\/wp\/v2\/posts\/7072","targetHints":{"allow":["GET"]}}],"collection":[{"href":"https:\/\/meier-gerdingh.de\/wp-spd-ob\/wp-json\/wp\/v2\/posts"}],"about":[{"href":"https:\/\/meier-gerdingh.de\/wp-spd-ob\/wp-json\/wp\/v2\/types\/post"}],"author":[{"embeddable":true,"href":"https:\/\/meier-gerdingh.de\/wp-spd-ob\/wp-json\/wp\/v2\/users\/1"}],"replies":[{"embeddable":true,"href":"https:\/\/meier-gerdingh.de\/wp-spd-ob\/wp-json\/wp\/v2\/comments?post=7072"}],"version-history":[{"count":0,"href":"https:\/\/meier-gerdingh.de\/wp-spd-ob\/wp-json\/wp\/v2\/posts\/7072\/revisions"}],"wp:attachment":[{"href":"https:\/\/meier-gerdingh.de\/wp-spd-ob\/wp-json\/wp\/v2\/media?parent=7072"}],"wp:term":[{"taxonomy":"category","embeddable":true,"href":"https:\/\/meier-gerdingh.de\/wp-spd-ob\/wp-json\/wp\/v2\/categories?post=7072"},{"taxonomy":"post_tag","embeddable":true,"href":"https:\/\/meier-gerdingh.de\/wp-spd-ob\/wp-json\/wp\/v2\/tags?post=7072"},{"taxonomy":"quellen","embeddable":true,"href":"https:\/\/meier-gerdingh.de\/wp-spd-ob\/wp-json\/wp\/v2\/quellen?post=7072"}],"curies":[{"name":"wp","href":"https:\/\/api.w.org\/{rel}","templated":true}]}}