{"id":7073,"date":"2020-04-22T14:26:13","date_gmt":"2020-04-22T12:26:13","guid":{"rendered":"https:\/\/meier-gerdingh.de\/wp-spd-ob\/?p=7073"},"modified":"2020-04-22T14:26:13","modified_gmt":"2020-04-22T12:26:13","slug":"nrw-spannt-rettungsschirm-fuer-soziokulturelle-zentren","status":"publish","type":"post","link":"https:\/\/meier-gerdingh.de\/wp-spd-ob\/2020\/04\/22\/nrw-spannt-rettungsschirm-fuer-soziokulturelle-zentren\/","title":{"rendered":"NRW spannt Rettungsschirm f\u00fcr soziokulturelle Zentren"},"content":{"rendered":"<div id=\"attachment_4242\" style=\"width: 150px\" class=\"wp-caption alignleft\"><a href=\"https:\/\/meier-gerdingh.de\/wp-spd-ob\/wp-content\/uploads\/2017\/05\/zimkeit_stefan_17.jpg\"><img aria-describedby=\"caption-attachment-4242\" decoding=\"async\" class=\"size-full wp-image-4242\" src=\"https:\/\/meier-gerdingh.de\/wp-spd-ob\/wp-content\/uploads\/2017\/05\/zimkeit_stefan_17.jpg\" alt=\"\" width=\"140\" height=\"192\" \/><\/a><p id=\"caption-attachment-4242\" class=\"wp-caption-text\">Stefan Zimkeit ist Landtagsabgeordneter f\u00fcr Oberhausen-Sterkrade und Dinslaken sowie haushalts- und finanzpolitischer Sprecher der SPD-Landtagsfraktion<\/p><\/div>\n<p>Stefan Zimkeit ist optimistisch, dass die soziokulturellen Zentren einen Platz unter dem Corona-Rettungsschirm finden werden. &#8222;Oberhausen w\u00fcrde davon ganz besonders profitieren, weil wir mit Altenberg, Druckluft, K14 und Ruhrwerkstatt gleich vier Einrichtungen besitzen&#8220;, sagt der SPD-Abgeordnete. 4,35 Millionen Euro sollen laut Zimkeit aus der NRW-Rettungspaket genommen werden, damit die Einnahmeverluste der soziokulturellen Zentren im Land ausgeglichen werden. &#8222;Ich hoffe auf einen einm\u00fctigen Beschluss aller demokratischen Parteien in der Haushaltsausschusssitzung.&#8220;<!--more--><\/p>\n<p>Die nicht-st\u00e4dtischen Kultureinrichtungen profitieren nur zu vergleichsweise geringen Teilen von \u00f6ffentlichen F\u00f6rdermitteln. &#8222;Sie sind auch auf selbst erwirtschaftete Einnahmen angewiesen&#8220;, gibt Zimkeit zu bedenken. &#8222;Diese fallen jetzt wegen der vom Land verf\u00fcgten Schlie\u00dfung alle Kulturst\u00e4tten weg.&#8220; Deshalb sei es wichtig, dass NRW mit Hilfsgeldern einspringt, von denen auch nicht-st\u00e4dtische Kindertheater und andere gemeinn\u00fctzige Kulturzentren profitieren k\u00f6nnen.<\/p>\n<p>Stefan Zimkeit ist davon \u00fcberzeugt, dass die Soziokultur f\u00fcr das st\u00e4dtische Leben unverzichtbar ist. &#8222;Sie spielt eine wichtige Rolle f\u00fcr das Kulturangebot in Oberhausen, insbesondere auch f\u00fcr Jugendliche, und leistet ihren Beitrag f\u00fcr den sozialen Zusammenhalt.&#8220;<\/p>\n","protected":false},"excerpt":{"rendered":"<p>Stefan Zimkeit ist optimistisch, dass die soziokulturellen Zentren einen Platz unter dem Corona-Rettungsschirm finden werden. &#8222;Oberhausen w\u00fcrde davon ganz besonders profitieren, weil wir mit Altenberg, Druckluft, K14 und Ruhrwerkstatt gleich&hellip; <\/p>\n","protected":false},"author":1,"featured_media":0,"comment_status":"closed","ping_status":"closed","sticky":false,"template":"","format":"standard","meta":{"footnotes":""},"categories":[2275,40,216],"tags":[2223,2228,2218,2291,2292,2293,2290,2294,2237,1557,2289,495],"quellen":[331],"class_list":["post-7073","post","type-post","status-publish","format-standard","hentry","category-corona-krise","category-kultur","category-land","tag-coronavirus","tag-coronavirus-krise","tag-covid-19-krise","tag-druckluft","tag-gemeinnuetzige-kulturzentren","tag-haushaltsausschuss-landtag-nrw","tag-k14","tag-nicht-staedtische-kultureinrichtungen","tag-rettungsschirm-coronavirus-krise","tag-ruhrwerkstatt","tag-soziokulturelle-zentren","tag-zentrum-altenberg","quellen-mdl-stefan-zimkeit"],"_links":{"self":[{"href":"https:\/\/meier-gerdingh.de\/wp-spd-ob\/wp-json\/wp\/v2\/posts\/7073","targetHints":{"allow":["GET"]}}],"collection":[{"href":"https:\/\/meier-gerdingh.de\/wp-spd-ob\/wp-json\/wp\/v2\/posts"}],"about":[{"href":"https:\/\/meier-gerdingh.de\/wp-spd-ob\/wp-json\/wp\/v2\/types\/post"}],"author":[{"embeddable":true,"href":"https:\/\/meier-gerdingh.de\/wp-spd-ob\/wp-json\/wp\/v2\/users\/1"}],"replies":[{"embeddable":true,"href":"https:\/\/meier-gerdingh.de\/wp-spd-ob\/wp-json\/wp\/v2\/comments?post=7073"}],"version-history":[{"count":0,"href":"https:\/\/meier-gerdingh.de\/wp-spd-ob\/wp-json\/wp\/v2\/posts\/7073\/revisions"}],"wp:attachment":[{"href":"https:\/\/meier-gerdingh.de\/wp-spd-ob\/wp-json\/wp\/v2\/media?parent=7073"}],"wp:term":[{"taxonomy":"category","embeddable":true,"href":"https:\/\/meier-gerdingh.de\/wp-spd-ob\/wp-json\/wp\/v2\/categories?post=7073"},{"taxonomy":"post_tag","embeddable":true,"href":"https:\/\/meier-gerdingh.de\/wp-spd-ob\/wp-json\/wp\/v2\/tags?post=7073"},{"taxonomy":"quellen","embeddable":true,"href":"https:\/\/meier-gerdingh.de\/wp-spd-ob\/wp-json\/wp\/v2\/quellen?post=7073"}],"curies":[{"name":"wp","href":"https:\/\/api.w.org\/{rel}","templated":true}]}}