{"id":7074,"date":"2020-04-22T14:29:13","date_gmt":"2020-04-22T12:29:13","guid":{"rendered":"https:\/\/meier-gerdingh.de\/wp-spd-ob\/?p=7074"},"modified":"2020-04-22T14:38:36","modified_gmt":"2020-04-22T12:38:36","slug":"justiz-braucht-schutzausruestung","status":"publish","type":"post","link":"https:\/\/meier-gerdingh.de\/wp-spd-ob\/2020\/04\/22\/justiz-braucht-schutzausruestung\/","title":{"rendered":"&#8222;Justiz braucht Schutzausr\u00fcstung!&#8220;"},"content":{"rendered":"<div id=\"attachment_5285\" style=\"width: 190px\" class=\"wp-caption alignleft\"><a href=\"https:\/\/meier-gerdingh.de\/wp-spd-ob\/wp-content\/uploads\/2018\/06\/14_bongers_sonja_1000.jpg\"><img aria-describedby=\"caption-attachment-5285\" decoding=\"async\" class=\"size-full wp-image-5285\" src=\"https:\/\/meier-gerdingh.de\/wp-spd-ob\/wp-content\/uploads\/2018\/06\/14_bongers_sonja.jpg\" alt=\"\" width=\"180\" height=\"180\" srcset=\"https:\/\/meier-gerdingh.de\/wp-spd-ob\/wp-content\/uploads\/2018\/06\/14_bongers_sonja.jpg 180w, https:\/\/meier-gerdingh.de\/wp-spd-ob\/wp-content\/uploads\/2018\/06\/14_bongers_sonja-150x150.jpg 150w\" sizes=\"(max-width: 180px) 100vw, 180px\" \/><\/a><p id=\"caption-attachment-5285\" class=\"wp-caption-text\">Sonja Bongers ist Vorsitzende der SPD-Ratsfraktion und Mitglied des Landtags von Nordrhein-Westfalen<\/p><\/div>\n<p><em>Zu den geplanten Lockerungen im Bereich der nordrhein-westf\u00e4lischen Justiz erkl\u00e4ren Sonja Bongers, rechtspolitische Sprecherin der SPD-Fraktion im Landtag NRW, und Sven Wolf, stellvertretender Vorsitzender der SPD-Landtagsfraktion:<\/em><\/p>\n<p><strong>Sonja Bongers:<\/strong> &#8222;Wir begr\u00fc\u00dfen ausdr\u00fccklich, dass die Gerichte ihre Arbeit langsam wieder normalisieren. Das geht aber nach unserer Auffassung nur, wenn das Land die Bediensteten auch ausreichend sch\u00fctzen kann. Wenn zum Beispiel die Besucher von Strafprozessen im Eingangsbereich durchsucht werden, brauchen die Wachtmeister Mundschutzmasken und Desinfektionsmittel. Die Richter m\u00fcssen auch die M\u00f6glichkeit haben, auf Schutzausr\u00fcstung zuzugreifen. Und nat\u00fcrlich gilt das erst recht f\u00fcr die Gerichtsvollzieher, die sogar Hausbesuche machen m\u00fcssen. Erst wenn diese Schutzausr\u00fcstung verf\u00fcgbar ist, sind Lockerungen vertretbar.&#8220;<!--more--><\/p>\n<p><strong>Sven Wolf:<\/strong> &#8222;Wir werden heute im Rechtsausschuss von der Landesregierung fordern, dass sie f\u00fcr den Gesundheitsschutz der Justizbediensteten sofort dringend erforderliche 12 Millionen Euro zur Verf\u00fcgung stellt. Denn wir m\u00fcssen nicht nur die Gerichte versorgen, sondern vor allen Dingen unsere 36 Gef\u00e4ngnisse. Hier herrschen teilweise unsch\u00f6ne Zust\u00e4nde, weil derzeit keine Schutzausr\u00fcstung vorhanden ist. Minister Biesenbach hat die letzten Wochen nicht genutzt, um Vorsorge zu schaffen. Jetzt rennt die Justiz hinterher. Daneben sollten auch ausreichend Informationen \u00fcber die Hygienevorschriften, Beschilderungen und Markierungen, wie wir sie aus den Superm\u00e4rkten kennen, in den Gerichten angebracht werden. Die Justiz sollte hier mit gutem Beispiel voran gehen.&#8220;<\/p>\n","protected":false},"excerpt":{"rendered":"<p>Zu den geplanten Lockerungen im Bereich der nordrhein-westf\u00e4lischen Justiz erkl\u00e4ren Sonja Bongers, rechtspolitische Sprecherin der SPD-Fraktion im Landtag NRW, und Sven Wolf, stellvertretender Vorsitzender der SPD-Landtagsfraktion: Sonja Bongers: &#8222;Wir begr\u00fc\u00dfen&hellip; <\/p>\n","protected":false},"author":1,"featured_media":0,"comment_status":"closed","ping_status":"closed","sticky":false,"template":"","format":"standard","meta":{"footnotes":""},"categories":[2275,216],"tags":[2223,2228,2218,2299,2298,1760,2297,1761,2296,2082,2295],"quellen":[1317],"class_list":["post-7074","post","type-post","status-publish","format-standard","hentry","category-corona-krise","category-land","tag-coronavirus","tag-coronavirus-krise","tag-covid-19-krise","tag-gerichte","tag-gerichtsvollzieher","tag-justiz","tag-justizbedienstete","tag-justizvollzugsanstalten","tag-mundschutzmasken","tag-nrw-justiz","tag-schutzausruestung","quellen-mdl-sonja-bongers"],"_links":{"self":[{"href":"https:\/\/meier-gerdingh.de\/wp-spd-ob\/wp-json\/wp\/v2\/posts\/7074","targetHints":{"allow":["GET"]}}],"collection":[{"href":"https:\/\/meier-gerdingh.de\/wp-spd-ob\/wp-json\/wp\/v2\/posts"}],"about":[{"href":"https:\/\/meier-gerdingh.de\/wp-spd-ob\/wp-json\/wp\/v2\/types\/post"}],"author":[{"embeddable":true,"href":"https:\/\/meier-gerdingh.de\/wp-spd-ob\/wp-json\/wp\/v2\/users\/1"}],"replies":[{"embeddable":true,"href":"https:\/\/meier-gerdingh.de\/wp-spd-ob\/wp-json\/wp\/v2\/comments?post=7074"}],"version-history":[{"count":0,"href":"https:\/\/meier-gerdingh.de\/wp-spd-ob\/wp-json\/wp\/v2\/posts\/7074\/revisions"}],"wp:attachment":[{"href":"https:\/\/meier-gerdingh.de\/wp-spd-ob\/wp-json\/wp\/v2\/media?parent=7074"}],"wp:term":[{"taxonomy":"category","embeddable":true,"href":"https:\/\/meier-gerdingh.de\/wp-spd-ob\/wp-json\/wp\/v2\/categories?post=7074"},{"taxonomy":"post_tag","embeddable":true,"href":"https:\/\/meier-gerdingh.de\/wp-spd-ob\/wp-json\/wp\/v2\/tags?post=7074"},{"taxonomy":"quellen","embeddable":true,"href":"https:\/\/meier-gerdingh.de\/wp-spd-ob\/wp-json\/wp\/v2\/quellen?post=7074"}],"curies":[{"name":"wp","href":"https:\/\/api.w.org\/{rel}","templated":true}]}}