{"id":7084,"date":"2020-04-29T12:08:31","date_gmt":"2020-04-29T10:08:31","guid":{"rendered":"https:\/\/meier-gerdingh.de\/wp-spd-ob\/?p=7084"},"modified":"2020-04-29T12:08:53","modified_gmt":"2020-04-29T10:08:53","slug":"spd-oberhausen-sagt-sommerfest-ab-kandidatenkuer-zur-kommunalwahl-im-mai-und-juni","status":"publish","type":"post","link":"https:\/\/meier-gerdingh.de\/wp-spd-ob\/2020\/04\/29\/spd-oberhausen-sagt-sommerfest-ab-kandidatenkuer-zur-kommunalwahl-im-mai-und-juni\/","title":{"rendered":"SPD Oberhausen sagt Sommerfest ab \u2013 Kandidatenk\u00fcr zur Kommunalwahl im Mai und Juni"},"content":{"rendered":"<p>Aufgrund des Corona-bedingten Verbots aller Gro\u00dfveranstaltungen bis zum 31. August sagt die Oberhausener SPD ihr traditionelles Sommer- und Familienfest im Kaisergarten offiziell ab. Es sollte eigentlich am 30. August stattfinden und genau zwei Wochen vor der Kommunalwahl am 13. September einen der H\u00f6hepunkte im Wahlkampf der Sozialdemokraten bilden. &#8222;Das ist bedauerlich, aber selbstverst\u00e4ndlich geht der Gesundheitsschutz vor. Es gibt ganz andere H\u00e4rten und Belastungen in dieser Corona-Krise\u201c, erkl\u00e4rt der Oberhausener SPD-Vorsitzende Dirk V\u00f6pel.<!--more--><\/p>\n<p>Ordentlich durcheinandergewirbelt hat das Virus auch den Fahrplan zur Aufstellung der Kandidatinnen und Kandidaten f\u00fcr die Kommunalwahl. Mehrere Ortsvereine mussten Aufstellungsversammlungen, zu denen bereits eingeladen worden war, kurzfristig wieder absagen. Auch eine seit langem geplante Sitzung des Vorstands der Oberhausener SPD, auf der unter anderem \u00fcber die wichtige Frage der OB-Kandidatur beraten werden sollte, musste wegen der massiven Kontaktbeschr\u00e4nkungen seit Mitte M\u00e4rz auf zun\u00e4chst unbestimmte Zeit verschoben werden.<\/p>\n<p>&#8222;Es geh\u00f6rt aber zur demokratischen DNA unserer Partei, dass ausschlie\u00dflich die daf\u00fcr gew\u00e4hlten Gremien die Kandidatinnen und Kandidaten der SPD f\u00fcr \u00f6ffentliche Wahl\u00e4mter nominieren. Und an diesem Prinzip werden wir auch in der gegenw\u00e4rtigen Ausnahmesituation nicht r\u00fctteln\u201c, betont V\u00f6pel. Die SPD halte sich weiter an die demokratischen Spielregeln, denn innerparteiliche Demokratie d\u00fcrfe auch in Corona-Zeiten nicht zur Sch\u00f6nwetter-Veranstaltung verkommen.<\/p>\n<p>Im Moment gehen die Sozialdemokraten davon aus, dass Veranstaltungen zur Aufstellung von Kommunalwahlbewerbern ab Mai wieder m\u00f6glich sind, nat\u00fcrlich unter Einhaltung aller Abstandsgebote, Hygieneregeln und Schutzvorschriften. Mit dem Thema der Oberb\u00fcrgermeister-Kandidatur soll sich der Vorstand der Oberhausener SPD nun am 11. Mai befassen. Hier wird sich dann auch der 50-j\u00e4hrige Thorsten Berg aus dem Ortsverein Alsfeld-Holten vorstellen. Ende der letzten Woche war bekannt geworden, dass der Leiter der Sparkassen-Filiale Sterkrade und sozial engagierte Personalrat als Oberb\u00fcrgermeister-Kandidat f\u00fcr die SPD ins Rennen um den Chefposten im Rathaus gehen will. Die noch ausstehenden Mitgliederversammlungen sollen im Mai durchgef\u00fchrt werden. Die stadtweite Aufstellungskonferenz ist f\u00fcr Mitte Juni geplant.<\/p>\n","protected":false},"excerpt":{"rendered":"<p>Aufgrund des Corona-bedingten Verbots aller Gro\u00dfveranstaltungen bis zum 31. August sagt die Oberhausener SPD ihr traditionelles Sommer- und Familienfest im Kaisergarten offiziell ab. Es sollte eigentlich am 30. August stattfinden&hellip; <\/p>\n","protected":false},"author":1,"featured_media":0,"comment_status":"closed","ping_status":"closed","sticky":false,"template":"","format":"standard","meta":{"footnotes":""},"categories":[2275,173,171,178],"tags":[2223,2228,2218,22,151,2037,2303,86,818],"quellen":[327],"class_list":["post-7084","post","type-post","status-publish","format-standard","hentry","category-corona-krise","category-parteileben","category-veranstaltungen","category-wahlen","tag-coronavirus","tag-coronavirus-krise","tag-covid-19-krise","tag-kaisergarten","tag-kommunalwahl","tag-kommunalwahl-2020","tag-ob-kandidatur","tag-spd-familienfest","tag-spd-sommerfest","quellen-spd-unterbezirk-oberhausen"],"_links":{"self":[{"href":"https:\/\/meier-gerdingh.de\/wp-spd-ob\/wp-json\/wp\/v2\/posts\/7084","targetHints":{"allow":["GET"]}}],"collection":[{"href":"https:\/\/meier-gerdingh.de\/wp-spd-ob\/wp-json\/wp\/v2\/posts"}],"about":[{"href":"https:\/\/meier-gerdingh.de\/wp-spd-ob\/wp-json\/wp\/v2\/types\/post"}],"author":[{"embeddable":true,"href":"https:\/\/meier-gerdingh.de\/wp-spd-ob\/wp-json\/wp\/v2\/users\/1"}],"replies":[{"embeddable":true,"href":"https:\/\/meier-gerdingh.de\/wp-spd-ob\/wp-json\/wp\/v2\/comments?post=7084"}],"version-history":[{"count":0,"href":"https:\/\/meier-gerdingh.de\/wp-spd-ob\/wp-json\/wp\/v2\/posts\/7084\/revisions"}],"wp:attachment":[{"href":"https:\/\/meier-gerdingh.de\/wp-spd-ob\/wp-json\/wp\/v2\/media?parent=7084"}],"wp:term":[{"taxonomy":"category","embeddable":true,"href":"https:\/\/meier-gerdingh.de\/wp-spd-ob\/wp-json\/wp\/v2\/categories?post=7084"},{"taxonomy":"post_tag","embeddable":true,"href":"https:\/\/meier-gerdingh.de\/wp-spd-ob\/wp-json\/wp\/v2\/tags?post=7084"},{"taxonomy":"quellen","embeddable":true,"href":"https:\/\/meier-gerdingh.de\/wp-spd-ob\/wp-json\/wp\/v2\/quellen?post=7084"}],"curies":[{"name":"wp","href":"https:\/\/api.w.org\/{rel}","templated":true}]}}