{"id":7086,"date":"2020-04-30T15:56:46","date_gmt":"2020-04-30T13:56:46","guid":{"rendered":"https:\/\/meier-gerdingh.de\/wp-spd-ob\/?p=7086"},"modified":"2020-04-30T21:59:28","modified_gmt":"2020-04-30T19:59:28","slug":"hilfe-fuer-ehrenamtliche-arbeitende-vereine","status":"publish","type":"post","link":"https:\/\/meier-gerdingh.de\/wp-spd-ob\/2020\/04\/30\/hilfe-fuer-ehrenamtliche-arbeitende-vereine\/","title":{"rendered":"Hilfe f\u00fcr ehrenamtliche arbeitende Vereine"},"content":{"rendered":"<div id=\"attachment_4242\" style=\"width: 150px\" class=\"wp-caption alignleft\"><a href=\"https:\/\/meier-gerdingh.de\/wp-spd-ob\/wp-content\/uploads\/2017\/05\/zimkeit_stefan_17.jpg\"><img aria-describedby=\"caption-attachment-4242\" decoding=\"async\" class=\"size-full wp-image-4242\" src=\"https:\/\/meier-gerdingh.de\/wp-spd-ob\/wp-content\/uploads\/2017\/05\/zimkeit_stefan_17.jpg\" alt=\"\" width=\"140\" height=\"192\" \/><\/a><p id=\"caption-attachment-4242\" class=\"wp-caption-text\">Stefan Zimkeit ist Landtagsabgeordneter f\u00fcr Oberhausen-Sterkrade und Dinslaken sowie haushalts- und finanzpolitischer Sprecher der SPD-Landtagsfraktion<\/p><\/div>\n<p>Stefan Zimkeit (SPD) kritisiert, dass NRW-CDU und FDP mit ihrem Plan f\u00fcr ein &#8222;Sofortprogramm f\u00fcr Heimat und Brauchtum&#8220; die Vereine gegeneinander ausspielen. &#8222;Warum werden nicht alle ehrenamtlichen Vereine gleichbehandelt?&#8220;, bem\u00e4ngelt der Abgeordnete das mit der schwarz-gelben Mehrheit beschlossene Programm.<\/p>\n<p>&#8222;Nicht nur die Heimat- und Brauchtumspflege sind von der Corona-Pandemie betroffen. Abgesagte oder verschobene Veranstaltungen und zur\u00fcckgehende Spenden belasten die Finanzen auch anderer Vereine&#8220;, erinnert Stefan Zimkeit unter anderem an Gesangsvereine, die Tafeln und die Kleing\u00e4rtner.<!--more--><\/p>\n<p>Dass es f\u00fcr die Sportvereine, die soziokulturellen Zentren und Tierheime bereits eigene Unterst\u00fctzungsprogramme gebe, sei gut, zeige aber die Konzeptlosigkeit der Laschet-Regierung. &#8222;Das ist ein kaum zu durchschauender Flickenteppich, der die Gefahr birgt, dass am Ende viele Vereine und Initiativen durchs Raster fallen.&#8220; Schwarz-Gelb scheine nicht zu wissen, wie vielf\u00e4ltig die Vereinslandschaft in St\u00e4dten wie Oberhausen und Dinslaken ist, so Zimkeit.<\/p>\n<p>&#8222;Vereine brauchen dar\u00fcber hinaus klare Handlungsleitlinien, wie sie mit ihren Veranstaltungen verfahren m\u00fcssen&#8220;, hei\u00dft es in einem Entschlie\u00dfungsantrag, die die SPD-Abgeordneten in den Landtag eingebracht hatten. &#8222;Insbesondere brauchen Vereine eine Aussage, was als Gro\u00dfveranstaltung zu verstehen ist und wie mit ihnen zu verfahren ist.&#8220; Sie w\u00fcrden Klarheit ben\u00f6tigen, damit Veranstaltungen gegen\u00fcber Vertragspartnern auf einer soliden Basis abgesagt werden k\u00f6nnen und keine Regresspflichten ausgel\u00f6st werden.<\/p>\n","protected":false},"excerpt":{"rendered":"<p>Stefan Zimkeit (SPD) kritisiert, dass NRW-CDU und FDP mit ihrem Plan f\u00fcr ein &#8222;Sofortprogramm f\u00fcr Heimat und Brauchtum&#8220; die Vereine gegeneinander ausspielen. &#8222;Warum werden nicht alle ehrenamtlichen Vereine gleichbehandelt?&#8220;, bem\u00e4ngelt&hellip; <\/p>\n","protected":false},"author":1,"featured_media":0,"comment_status":"closed","ping_status":"closed","sticky":false,"template":"","format":"standard","meta":{"footnotes":""},"categories":[2275,596,216],"tags":[2305,2268,2223,2228,2218,2306,2308,2237,323,2307,146],"quellen":[331],"class_list":["post-7086","post","type-post","status-publish","format-standard","hentry","category-corona-krise","category-ehrenamtliches-engagement","category-land","tag-sofortprogramm-fuer-heimat-und-brauchtum","tag-corona-hilfen","tag-coronavirus","tag-coronavirus-krise","tag-covid-19-krise","tag-gesangsvereine","tag-grossveranstaltungen","tag-rettungsschirm-coronavirus-krise","tag-sportvereine","tag-tafeln","tag-vereine","quellen-mdl-stefan-zimkeit"],"_links":{"self":[{"href":"https:\/\/meier-gerdingh.de\/wp-spd-ob\/wp-json\/wp\/v2\/posts\/7086","targetHints":{"allow":["GET"]}}],"collection":[{"href":"https:\/\/meier-gerdingh.de\/wp-spd-ob\/wp-json\/wp\/v2\/posts"}],"about":[{"href":"https:\/\/meier-gerdingh.de\/wp-spd-ob\/wp-json\/wp\/v2\/types\/post"}],"author":[{"embeddable":true,"href":"https:\/\/meier-gerdingh.de\/wp-spd-ob\/wp-json\/wp\/v2\/users\/1"}],"replies":[{"embeddable":true,"href":"https:\/\/meier-gerdingh.de\/wp-spd-ob\/wp-json\/wp\/v2\/comments?post=7086"}],"version-history":[{"count":0,"href":"https:\/\/meier-gerdingh.de\/wp-spd-ob\/wp-json\/wp\/v2\/posts\/7086\/revisions"}],"wp:attachment":[{"href":"https:\/\/meier-gerdingh.de\/wp-spd-ob\/wp-json\/wp\/v2\/media?parent=7086"}],"wp:term":[{"taxonomy":"category","embeddable":true,"href":"https:\/\/meier-gerdingh.de\/wp-spd-ob\/wp-json\/wp\/v2\/categories?post=7086"},{"taxonomy":"post_tag","embeddable":true,"href":"https:\/\/meier-gerdingh.de\/wp-spd-ob\/wp-json\/wp\/v2\/tags?post=7086"},{"taxonomy":"quellen","embeddable":true,"href":"https:\/\/meier-gerdingh.de\/wp-spd-ob\/wp-json\/wp\/v2\/quellen?post=7086"}],"curies":[{"name":"wp","href":"https:\/\/api.w.org\/{rel}","templated":true}]}}