{"id":7087,"date":"2020-04-30T19:59:34","date_gmt":"2020-04-30T17:59:34","guid":{"rendered":"https:\/\/meier-gerdingh.de\/wp-spd-ob\/?p=7087"},"modified":"2020-04-30T22:01:59","modified_gmt":"2020-04-30T20:01:59","slug":"spd-wuenscht-sich-oeffnung-des-hauses","status":"publish","type":"post","link":"https:\/\/meier-gerdingh.de\/wp-spd-ob\/2020\/04\/30\/spd-wuenscht-sich-oeffnung-des-hauses\/","title":{"rendered":"SPD w\u00fcnscht sich \u00d6ffnung des Hauses"},"content":{"rendered":"<div id=\"attachment_5396\" style=\"width: 190px\" class=\"wp-caption alignleft\"><a href=\"https:\/\/meier-gerdingh.de\/wp-spd-ob\/wp-content\/uploads\/2018\/07\/14_flore_manfred_1000.jpg\"><img aria-describedby=\"caption-attachment-5396\" decoding=\"async\" class=\"size-full wp-image-5396\" src=\"https:\/\/meier-gerdingh.de\/wp-spd-ob\/wp-content\/uploads\/2018\/07\/14_flore_manfred.jpg\" alt=\"\" width=\"180\" height=\"180\" srcset=\"https:\/\/meier-gerdingh.de\/wp-spd-ob\/wp-content\/uploads\/2018\/07\/14_flore_manfred.jpg 180w, https:\/\/meier-gerdingh.de\/wp-spd-ob\/wp-content\/uploads\/2018\/07\/14_flore_manfred-150x150.jpg 150w\" sizes=\"(max-width: 180px) 100vw, 180px\" \/><\/a><p id=\"caption-attachment-5396\" class=\"wp-caption-text\">Manfred Flore ist umwelt- und kulturpolitischer Sprecher der SPD-Ratsfraktion<\/p><\/div>\n<p>Die SPD-Ratsfraktion fordert die Leitung des Theaters auf, ein Konzept zur schrittweisen \u00d6ffnung des Hauses in Zusammenarbeit mit dem Oberhausener Krisenstab zu erarbeiten. &#8222;Wir schlie\u00dfen uns da einer Forderung des Deutschen B\u00fchnenvereins an, der sich Konzepte hin zu einer schrittweisen Normalisierung w\u00fcnscht \u2013 immer unter der Ber\u00fccksichtigung gesundheitssch\u00fctzender Aspekte&#8220;, erkl\u00e4rt Manfred Flore, kulturpolitischer Sprecher der Fraktion.<\/p>\n<p>Das Theater sollte den Menschen als Ort des Austausches bald wieder offenstehen, gerade weil davon auszugehen ist, dass das \u00f6ffentliche Leben noch lange eingeschr\u00e4nkt sein wird. &#8222;In solch einer Situation kann und muss das Theater seinen Beitrag dazu leisten, dass die Gesellschaft nicht vereinsamt und auseinanderbricht&#8220;, so Flore.<!--more--><\/p>\n<p>Obwohl das Theater schnell neue digitale Angebote und Konzepte geschaffen habe, um den Kontakt zum Publikum nicht zu verlieren, sei dies langfristig kein Ersatz \u2013 &#8222;Zuschauer und K\u00fcnstler brennen darauf, sich wieder leibhaftig zu erleben.&#8220;<\/p>\n","protected":false},"excerpt":{"rendered":"<p>Die SPD-Ratsfraktion fordert die Leitung des Theaters auf, ein Konzept zur schrittweisen \u00d6ffnung des Hauses in Zusammenarbeit mit dem Oberhausener Krisenstab zu erarbeiten. &#8222;Wir schlie\u00dfen uns da einer Forderung des&hellip; <\/p>\n","protected":false},"author":1,"featured_media":0,"comment_status":"closed","ping_status":"closed","sticky":false,"template":"","format":"standard","meta":{"footnotes":""},"categories":[2275,40],"tags":[2223,2228,2218,304],"quellen":[326],"class_list":["post-7087","post","type-post","status-publish","format-standard","hentry","category-corona-krise","category-kultur","tag-coronavirus","tag-coronavirus-krise","tag-covid-19-krise","tag-theater-oberhausen","quellen-spd-fraktion-oberhausen"],"_links":{"self":[{"href":"https:\/\/meier-gerdingh.de\/wp-spd-ob\/wp-json\/wp\/v2\/posts\/7087","targetHints":{"allow":["GET"]}}],"collection":[{"href":"https:\/\/meier-gerdingh.de\/wp-spd-ob\/wp-json\/wp\/v2\/posts"}],"about":[{"href":"https:\/\/meier-gerdingh.de\/wp-spd-ob\/wp-json\/wp\/v2\/types\/post"}],"author":[{"embeddable":true,"href":"https:\/\/meier-gerdingh.de\/wp-spd-ob\/wp-json\/wp\/v2\/users\/1"}],"replies":[{"embeddable":true,"href":"https:\/\/meier-gerdingh.de\/wp-spd-ob\/wp-json\/wp\/v2\/comments?post=7087"}],"version-history":[{"count":0,"href":"https:\/\/meier-gerdingh.de\/wp-spd-ob\/wp-json\/wp\/v2\/posts\/7087\/revisions"}],"wp:attachment":[{"href":"https:\/\/meier-gerdingh.de\/wp-spd-ob\/wp-json\/wp\/v2\/media?parent=7087"}],"wp:term":[{"taxonomy":"category","embeddable":true,"href":"https:\/\/meier-gerdingh.de\/wp-spd-ob\/wp-json\/wp\/v2\/categories?post=7087"},{"taxonomy":"post_tag","embeddable":true,"href":"https:\/\/meier-gerdingh.de\/wp-spd-ob\/wp-json\/wp\/v2\/tags?post=7087"},{"taxonomy":"quellen","embeddable":true,"href":"https:\/\/meier-gerdingh.de\/wp-spd-ob\/wp-json\/wp\/v2\/quellen?post=7087"}],"curies":[{"name":"wp","href":"https:\/\/api.w.org\/{rel}","templated":true}]}}