{"id":709,"date":"2009-07-17T16:00:00","date_gmt":"2009-07-17T14:00:00","guid":{"rendered":"http:\/\/www.meier-gerdingh.de\/spd-oberhausen\/wp\/?p=709"},"modified":"2017-05-16T17:34:57","modified_gmt":"2017-05-16T15:34:57","slug":"altersgerecht-wohnen-und-leben-in-oberhausen","status":"publish","type":"post","link":"https:\/\/meier-gerdingh.de\/wp-spd-ob\/2009\/07\/17\/altersgerecht-wohnen-und-leben-in-oberhausen\/","title":{"rendered":"Altersgerecht wohnen und leben in Oberhausen"},"content":{"rendered":"<div style=\"width: 210px\" class=\"wp-caption alignleft\"><a href=\"http:\/\/meier-gerdingh.de\/wp-spd-ob\/wp-content\/uploads\/sommerschule_2009_elly.jpg\"><img decoding=\"async\" class=\"size-full\" src=\"http:\/\/meier-gerdingh.de\/wp-spd-ob\/wp-content\/uploads\/sommerschule_2009_elly.jpg\" alt=\"\u00dcber 40 Teilnehmer der SPD-Sommerschule informierten sich \u00fcber die Neubauma\u00dfnahme der Elly-Heuss-Knapp-Stiftung\" width=\"200\" height=\"139\" \/><\/a><p class=\"wp-caption-text\">\u00dcber 40 Teilnehmer der SPD-Sommerschule informierten sich \u00fcber die Neubauma\u00dfnahme der Elly-Heuss-Knapp-Stiftung<\/p><\/div>\n<p><i>\u00dcber den Neubau vom &#8222;Haus am Brunnen&#8220; der Elly-Heuss-Knapp-Stiftung informierte die zweite Veranstaltung der diesj\u00e4hrigen SPD-Sommerschule.<\/i><\/p>\n<p>Seit letzten Montag rollen die Bagger. Das &#8222;Haus am Brunnen&#8220; der Elly-Heuss-Knapp-Stiftung wird abgerissen und durch einen Neubau ersetzt. Von au\u00dfen wirkt das Wohnhaus aus dem Jahr 1968 noch recht passabel. Innen aber sehe es anders aus, versichert Udo Spiecker, Gesch\u00e4ftsf\u00fchrer der Alteneinrichtungen der Stadt Oberhausen (ASO) den rund 40 Teilnehmern der SPD-Sommerschule. Zeitgem\u00e4\u00dfe Betreuungskponzepte k\u00f6nnten in den \u00fcberalterten R\u00e4umen nicht umgesetzt werden.<!--more--><\/p>\n<p>Vor allem aber der Brandschutz sei nicht gew\u00e4hrleistet. Allein um die entsprechenden Sicherheitsbestimmungen zu erf\u00fcllen m\u00fcssten bis zu vier Millionen Euro investiert werden. Dann d\u00fcrfte man das Haus zwar weiter betreiben, h\u00e4tte aber immer noch die Modernisierung vor sich. Alles Rechnen helfe nichts: Abriss und Neubau seien unterm Strich wirtschaftlicher als die Grundsanierung.<\/p>\n<p>Entsprechend gab die Mehrheitsfraktion der SPD im Rat der Stadt gr\u00fcnes Licht f\u00fcr das Bauvorhaben. &#8222;Diese Entscheidung war zweifelsfrei richtig,&#8220; bekr\u00e4ftigte Kirsten Oberste-Kleinbeck (SPD), Vorsitzende des Sozialausschusses. &#8222;Wir haben daf\u00fcr Sorge getragen, dass die Stadt ihrer Verantwortung gegen\u00fcber gegen\u00fcber betagten und pflegebed\u00fcrftigen Menschen auch in Zukunft gerecht werden kann.&#8220;<\/p>\n<p>Nun also geht es los und schon in etwas \u00fcber einem Jahr soll der Neubau mit rund 64 Einzelpl\u00e4tzen stehen. &#8222;Der Neubau wird hoch attraktiv und verbindet moderne pflegerische Standards mit einem sch\u00f6nen Wohnumfeld&#8220;, freut sich ASO-Gesch\u00e4ftsf\u00fchrer Udo Spiecker. Die Finanzierung des rund 7,5 Millionen Euro teuren Projekts stemmt die ASO aus eigener Kraft, ohne Kosten f\u00fcr die Stadt.<\/p>\n<p>Wie der Neubau aussehen k\u00f6nnte, zeigte Spiecker den Teilnehmern der Sommerschule bei einem Rundgang durch &#8222;Haus Bronkhorstfeld&#8220;, das erst vor rund zweieinhalb Jahren bezogen wurde. Sterilen Krankenhaus-Charme sucht man im bisher modernsten Haus der Elly-Heuss-Knapp-Stiftung vergeblich. Die G\u00e4nge sind hell und in kr\u00e4ftigen Erdt\u00f6nen gestrichen, Zimmer und Gemeinschaftsr\u00e4ume wohnlich gestaltet, die Funktionsr\u00e4ume bewusst im Hintergrund gehalten. Kleine Terrassen und ein Rundweg \u00f6ffnen das Haus zum 5000 Quadratmeter gro\u00dfen Garten.<\/p>\n<p>&#8222;Hier hat man \u00fcberhaupt nicht das Gef\u00fchl, eingesperrt zu sein,&#8220; stellte ein Teilnehmer \u00fcberrascht fest. Und das, obwohl Haus und Gel\u00e4nde gut gesichert sind, damit sich auch Demenzkranke gefahrlos bewegen k\u00f6nnen. &#8222;Wenn der Neubau diesen Standards gerecht wird, k\u00f6nnen wir mit einem vollen Erfolg rechnen&#8220;, fasste B\u00fcrgermeisterin Elia Albrecht-Mainz ihre Eindr\u00fccke zusammen.<\/p>\n","protected":false},"excerpt":{"rendered":"<p>\u00dcber den Neubau vom &#8222;Haus am Brunnen&#8220; der Elly-Heuss-Knapp-Stiftung informierte die zweite Veranstaltung der diesj\u00e4hrigen SPD-Sommerschule. Seit letzten Montag rollen die Bagger. Das &#8222;Haus am Brunnen&#8220; der Elly-Heuss-Knapp-Stiftung wird abgerissen&hellip; <\/p>\n","protected":false},"author":1,"featured_media":0,"comment_status":"closed","ping_status":"closed","sticky":false,"template":"","format":"standard","meta":{"footnotes":""},"categories":[1],"tags":[],"quellen":[],"class_list":["post-709","post","type-post","status-publish","format-standard","hentry","category-allgemein"],"_links":{"self":[{"href":"https:\/\/meier-gerdingh.de\/wp-spd-ob\/wp-json\/wp\/v2\/posts\/709","targetHints":{"allow":["GET"]}}],"collection":[{"href":"https:\/\/meier-gerdingh.de\/wp-spd-ob\/wp-json\/wp\/v2\/posts"}],"about":[{"href":"https:\/\/meier-gerdingh.de\/wp-spd-ob\/wp-json\/wp\/v2\/types\/post"}],"author":[{"embeddable":true,"href":"https:\/\/meier-gerdingh.de\/wp-spd-ob\/wp-json\/wp\/v2\/users\/1"}],"replies":[{"embeddable":true,"href":"https:\/\/meier-gerdingh.de\/wp-spd-ob\/wp-json\/wp\/v2\/comments?post=709"}],"version-history":[{"count":0,"href":"https:\/\/meier-gerdingh.de\/wp-spd-ob\/wp-json\/wp\/v2\/posts\/709\/revisions"}],"wp:attachment":[{"href":"https:\/\/meier-gerdingh.de\/wp-spd-ob\/wp-json\/wp\/v2\/media?parent=709"}],"wp:term":[{"taxonomy":"category","embeddable":true,"href":"https:\/\/meier-gerdingh.de\/wp-spd-ob\/wp-json\/wp\/v2\/categories?post=709"},{"taxonomy":"post_tag","embeddable":true,"href":"https:\/\/meier-gerdingh.de\/wp-spd-ob\/wp-json\/wp\/v2\/tags?post=709"},{"taxonomy":"quellen","embeddable":true,"href":"https:\/\/meier-gerdingh.de\/wp-spd-ob\/wp-json\/wp\/v2\/quellen?post=709"}],"curies":[{"name":"wp","href":"https:\/\/api.w.org\/{rel}","templated":true}]}}