{"id":7094,"date":"2020-05-08T06:00:37","date_gmt":"2020-05-08T04:00:37","guid":{"rendered":"https:\/\/meier-gerdingh.de\/wp-spd-ob\/?p=7094"},"modified":"2020-05-07T21:08:38","modified_gmt":"2020-05-07T19:08:38","slug":"den-8-mai-als-tag-der-befreiung-angemessen-wuerdigen","status":"publish","type":"post","link":"https:\/\/meier-gerdingh.de\/wp-spd-ob\/2020\/05\/08\/den-8-mai-als-tag-der-befreiung-angemessen-wuerdigen\/","title":{"rendered":"&#8222;Den 8. Mai als Tag der Befreiung angemessen w\u00fcrdigen&#8220;"},"content":{"rendered":"<div id=\"attachment_7095\" style=\"width: 730px\" class=\"wp-caption aligncenter\"><a href=\"https:\/\/meier-gerdingh.de\/wp-spd-ob\/wp-content\/uploads\/2020\/05\/gedenkhalle-lg.jpg\"><img aria-describedby=\"caption-attachment-7095\" decoding=\"async\" class=\"size-full wp-image-7095\" src=\"https:\/\/meier-gerdingh.de\/wp-spd-ob\/wp-content\/uploads\/2020\/05\/gedenkhalle.jpg\" alt=\"\" width=\"720\" height=\"333\" srcset=\"https:\/\/meier-gerdingh.de\/wp-spd-ob\/wp-content\/uploads\/2020\/05\/gedenkhalle.jpg 720w, https:\/\/meier-gerdingh.de\/wp-spd-ob\/wp-content\/uploads\/2020\/05\/gedenkhalle-300x139.jpg 300w\" sizes=\"(max-width: 720px) 100vw, 720px\" \/><\/a><p id=\"caption-attachment-7095\" class=\"wp-caption-text\">Die Gedenkhalle am Schloss Oberhausen<\/p><\/div>\n<p><em>Heute vor 75 Jahren endete der 2. Weltkrieg in Europa. Dazu erkl\u00e4rt die Landtagsabgeordnete Sonja Bongers:<\/em><\/p>\n<div id=\"attachment_7097\" style=\"width: 310px\" class=\"wp-caption alignleft\"><a href=\"https:\/\/meier-gerdingh.de\/wp-spd-ob\/wp-content\/uploads\/2020\/05\/kriegsende-75-lg.jpg\"><img aria-describedby=\"caption-attachment-7097\" decoding=\"async\" class=\"size-full wp-image-7097\" src=\"https:\/\/meier-gerdingh.de\/wp-spd-ob\/wp-content\/uploads\/2020\/05\/kriegsende-75.jpg\" alt=\"\" width=\"300\" height=\"207\" \/><\/a><p id=\"caption-attachment-7097\" class=\"wp-caption-text\">H\u00e4userruinen neben dem schwedischen Bunker, Berlin, Mitte Mai 1945 (Quelle: Gedenkst\u00e4tte Deutscher Widerstand)<\/p><\/div>\n<p>&#8222;Als der damalige Bundespr\u00e4sident Richard von Weizs\u00e4cker in seiner Rede vor dem Deutsche Bundestag am 8. Mai 1985 sagte: &#8218;Der 8. Mai war ein Tag der Befreiung. Er hat uns alle befreit von dem menschenverachtenden System der nationalsozialistischen Gewaltherrschaft&#8216;, herrschte erst einmal bedr\u00fcckendes Schweigen im Plenarsaal in Bonn. Heute sind sich alle demokratischen Parteien im Bundestag, in den Landtagen und den Kommunen dar\u00fcber einig, dass dieser Tag ein Tag der Befreiung war.<!--more--><\/p>\n<p>Nazi-Deutschland war besiegt und die Zeiten, in denen Menschen verfolgt und ermordet wurden, waren vorbei. Als einen solchen Tag der Befreiung sollten wir diesen 8. Mai auch begehen und dankbar sein \u00fcber das gro\u00dfz\u00fcgige Los der Geschichte, das Deutschland danach widerfuhr. Daher m\u00fcssen wir den 8. Mai als Tag der Befreiung angemessen w\u00fcrdigen.&#8220;<\/p>\n","protected":false},"excerpt":{"rendered":"<p>Heute vor 75 Jahren endete der 2. Weltkrieg in Europa. Dazu erkl\u00e4rt die Landtagsabgeordnete Sonja Bongers: &#8222;Als der damalige Bundespr\u00e4sident Richard von Weizs\u00e4cker in seiner Rede vor dem Deutsche Bundestag&hellip; <\/p>\n","protected":false},"author":1,"featured_media":0,"comment_status":"closed","ping_status":"closed","sticky":false,"template":"","format":"standard","meta":{"footnotes":""},"categories":[2320],"tags":[2321,2322],"quellen":[1317],"class_list":["post-7094","post","type-post","status-publish","format-standard","hentry","category-gedenkkultur","tag-8-mai","tag-tag-der-befreiung","quellen-mdl-sonja-bongers"],"_links":{"self":[{"href":"https:\/\/meier-gerdingh.de\/wp-spd-ob\/wp-json\/wp\/v2\/posts\/7094","targetHints":{"allow":["GET"]}}],"collection":[{"href":"https:\/\/meier-gerdingh.de\/wp-spd-ob\/wp-json\/wp\/v2\/posts"}],"about":[{"href":"https:\/\/meier-gerdingh.de\/wp-spd-ob\/wp-json\/wp\/v2\/types\/post"}],"author":[{"embeddable":true,"href":"https:\/\/meier-gerdingh.de\/wp-spd-ob\/wp-json\/wp\/v2\/users\/1"}],"replies":[{"embeddable":true,"href":"https:\/\/meier-gerdingh.de\/wp-spd-ob\/wp-json\/wp\/v2\/comments?post=7094"}],"version-history":[{"count":0,"href":"https:\/\/meier-gerdingh.de\/wp-spd-ob\/wp-json\/wp\/v2\/posts\/7094\/revisions"}],"wp:attachment":[{"href":"https:\/\/meier-gerdingh.de\/wp-spd-ob\/wp-json\/wp\/v2\/media?parent=7094"}],"wp:term":[{"taxonomy":"category","embeddable":true,"href":"https:\/\/meier-gerdingh.de\/wp-spd-ob\/wp-json\/wp\/v2\/categories?post=7094"},{"taxonomy":"post_tag","embeddable":true,"href":"https:\/\/meier-gerdingh.de\/wp-spd-ob\/wp-json\/wp\/v2\/tags?post=7094"},{"taxonomy":"quellen","embeddable":true,"href":"https:\/\/meier-gerdingh.de\/wp-spd-ob\/wp-json\/wp\/v2\/quellen?post=7094"}],"curies":[{"name":"wp","href":"https:\/\/api.w.org\/{rel}","templated":true}]}}