{"id":7100,"date":"2020-05-12T23:00:31","date_gmt":"2020-05-12T21:00:31","guid":{"rendered":"https:\/\/meier-gerdingh.de\/wp-spd-ob\/?p=7100"},"modified":"2020-05-12T09:25:30","modified_gmt":"2020-05-12T07:25:30","slug":"thorsten-berg-als-ob-kandidat-der-oberhausener-spd-nominiert","status":"publish","type":"post","link":"https:\/\/meier-gerdingh.de\/wp-spd-ob\/2020\/05\/12\/thorsten-berg-als-ob-kandidat-der-oberhausener-spd-nominiert\/","title":{"rendered":"Thorsten Berg als OB-Kandidat der Oberhausener SPD nominiert"},"content":{"rendered":"<div id=\"attachment_7101\" style=\"width: 310px\" class=\"wp-caption alignleft\"><a href=\"https:\/\/meier-gerdingh.de\/wp-spd-ob\/wp-content\/uploads\/2020\/05\/spd-ob-kandidat-thorsten-berg-lg.jpg\"><img aria-describedby=\"caption-attachment-7101\" decoding=\"async\" src=\"https:\/\/meier-gerdingh.de\/wp-spd-ob\/wp-content\/uploads\/2020\/05\/spd-ob-kandidat-thorsten-berg.jpg\" alt=\"\" width=\"300\" height=\"450\" class=\"size-full wp-image-7101\" srcset=\"https:\/\/meier-gerdingh.de\/wp-spd-ob\/wp-content\/uploads\/2020\/05\/spd-ob-kandidat-thorsten-berg.jpg 300w, https:\/\/meier-gerdingh.de\/wp-spd-ob\/wp-content\/uploads\/2020\/05\/spd-ob-kandidat-thorsten-berg-200x300.jpg 200w\" sizes=\"(max-width: 300px) 100vw, 300px\" \/><\/a><p id=\"caption-attachment-7101\" class=\"wp-caption-text\">Thorsten Berg<\/p><\/div>\n<p>Der Vorstand der Oberhausener SPD hat am gestrigen Abend den 50-j\u00e4hrigen Sparkassenbetriebswirt Thorsten Berg als Oberb\u00fcrgermeister-Kandidat nominiert. Nach einer pers\u00f6nlich wie fachlich souver\u00e4nen Vorstellung habe sich die Parteif\u00fchrung einstimmig f\u00fcr Thorsten Berg als Herausforderer von Amtsinhaber Daniel Schranz entschieden, teilte SPD-Chef Dirk V\u00f6pel mit. Die offizielle Wahl zum OB-Kandidaten soll Mitte Juni auf dem Wahlparteitag der Oberhausener SPD erfolgen. <\/p>\n<p>Thorsten Berg ist ein waschechtes Kind des Ruhrgebiets: Geboren 1969 in Gelsenkirchen als Sohn eines Bergmanns und einer Einzelhandelsverk\u00e4uferin, wuchs er seit seinem dritten Lebensjahr in Oberhausen-Lirich auf, wo er auch die Grundschule besuchte. Nach dem Abitur am Novalis-Gymnasium 1988 absolvierte er eine Lehre zum Bankkaufmann bei der Stadtsparkasse Oberhausen. Seit 2009 leitet Thorsten Berg die gro\u00dfe Sparkassen-Filiale in Sterkrade-Mitte. Thorsten Berg ist verheiratet und hat zwei Kinder.<!--more--><\/p>\n<p>Neben seinem eigentlichen Manager-Job setzt sich Thorsten Berg auch schon lange f\u00fcr Arbeitnehmerinteressen ein. So geh\u00f6rt er seit 2008 dem Personalrat der Sparkasse an und wurde gerade erst im M\u00e4rz von den Besch\u00e4ftigten wiedergew\u00e4hlt. F\u00fcr die Arbeitnehmerseite sitzt er seit 2014 im Verwaltungsrat der Stadtsparkasse Oberhausen.<\/p>\n<p>Thorsten Berg hat bisher keine offiziellen Funktionen in der Oberhausener Kommunalpolitik innegehabt, aber er ist in der Stadtgesellschaft aufgrund seines sozialen und ehrenamtlichen Einsatzes kein unbeschriebenes Blatt. So arbeitet er seit 2009 als Schatzmeister im Vorstand der Sterkrader Interessengemeinschaft daran mit, den Stadtteil Sterkrade weiter nach vorn zu bringen.<\/p>\n<p>Mit besonders viel Herzblut engagiert sich Thorsten Berg f\u00fcr den sozial aktiven Karnevalsverein &#8222;Die Bernhardiner&#8220;, der unter anderem die Oberhausener Tafel f\u00f6rdert und erst k\u00fcrzlich daf\u00fcr gesorgt hatte, dass diese f\u00fcr viele Menschen so wichtige Einrichtung ihren Betrieb trotz Corona-Krise schnell wieder aufnehmen konnte. Berg ist seit 2014 auch als Sch\u00f6ffe an das Jugendgericht Oberhausen berufen.<\/p>\n<p>F\u00fcr SPD-Chef Dirk V\u00f6pel ist Thorsten Berg ein hervorragender Kandidat f\u00fcr das h\u00f6chste Amt in dieser Stadt und ein Gl\u00fccksfall f\u00fcr die Oberhausener SPD: &#8222;Er ist Finanzfachmann mit langj\u00e4hriger F\u00fchrungserfahrung in der Wirtschaft, setzt sich f\u00fcr Arbeitnehmerinteressen ein, ist ehrenamtlich viel unterwegs und hat auch einen Blick f\u00fcr die Menschen, die am Rande unserer Gesellschaft stehen. Angesichts der voraussichtlich dramatischen Auswirkungen der Corona-Krise auf Arbeitsmarkt und Wirtschaft, Kommunalfinanzen und sozialen Zusammenhalt in unserer Stadt bringt er genau die Kompetenzen und F\u00e4higkeiten mit, die Oberhausen jetzt braucht.&#8220;<\/p>\n<p>V\u00f6pel geht davon aus, dass die Bew\u00e4ltigung der \u00f6konomischen und sozialen Folgen der Corona-Rezession zwangsl\u00e4ufig auch das alles dominierende Thema im Kommunalwahlkampf sein wird: <\/p>\n<p>&#8222;Die Angst vor dem Virus weicht immer mehr der Sorge um die Arbeitspl\u00e4tze und die wirtschaftlichen Existenzgrundlagen der Menschen, das sp\u00fcrt man \u00fcberall. Es ist zu bef\u00fcrchten, dass die am Wochenende bekannt gewordene Insolvenz des Brauhauses Zeche Jacobi an der Centro-Promenade nur den Beginn einer beispiellosen Pleitewelle in unserer Stadt markiert. Mit dem Tourismus bricht jedenfalls gerade eine der tragenden S\u00e4ulen unseres Strukturwandels weg. Und deshalb wird der Kommunalwahlkampf des Jahres 2020 ganz sicher kein Wahlkampf wie jeder andere. Ein Amtsbonus ist in Zeiten wie diesen schnell verbraucht. Die B\u00fcrgerinnen und B\u00fcrger in Oberhausen werden diejenigen w\u00e4hlen, denen sie am ehesten zutrauen, den Karren wieder flott zu machen, ohne dass unsere Stadtgesellschaft auseinanderbricht.&#8220;<\/p>\n<p>SPD-Fraktionschefin Sonja Bongers ist optimistisch, dass die SPD mit Thorsten Berg einen OB-Kandidaten gefunden hat, der politische Anziehungskraft bis weit in die gesellschaftliche Mitte entwickeln wird: &#8222;Er ist sowohl f\u00fcr Mittelstand und Selbstst\u00e4ndige als auch f\u00fcr Arbeitnehmerinnen und Arbeitnehmer gleicherma\u00dfen w\u00e4hlbar. Und ein Quereinsteiger als Spitzenkandidat, der zun\u00e4chst Berufs- und Lebenserfahrung in ganz anderen Bereichen gesammelt hat, ist auch ein personelles Angebot an all jene in unserer Stadt, die dem etablierten Politikbetrieb skeptisch bis ablehnend gegen\u00fcberstehen.&#8220;<\/p>\n","protected":false},"excerpt":{"rendered":"<p>Der Vorstand der Oberhausener SPD hat am gestrigen Abend den 50-j\u00e4hrigen Sparkassenbetriebswirt Thorsten Berg als Oberb\u00fcrgermeister-Kandidat nominiert. Nach einer pers\u00f6nlich wie fachlich souver\u00e4nen Vorstellung habe sich die Parteif\u00fchrung einstimmig f\u00fcr&hellip; <\/p>\n","protected":false},"author":1,"featured_media":0,"comment_status":"closed","ping_status":"closed","sticky":false,"template":"","format":"standard","meta":{"footnotes":""},"categories":[178],"tags":[151,2037,251,299,2323],"quellen":[327],"class_list":["post-7100","post","type-post","status-publish","format-standard","hentry","category-wahlen","tag-kommunalwahl","tag-kommunalwahl-2020","tag-ob-kandidat","tag-oberbuergermeister-kandidat","tag-thorsten-berg","quellen-spd-unterbezirk-oberhausen"],"_links":{"self":[{"href":"https:\/\/meier-gerdingh.de\/wp-spd-ob\/wp-json\/wp\/v2\/posts\/7100","targetHints":{"allow":["GET"]}}],"collection":[{"href":"https:\/\/meier-gerdingh.de\/wp-spd-ob\/wp-json\/wp\/v2\/posts"}],"about":[{"href":"https:\/\/meier-gerdingh.de\/wp-spd-ob\/wp-json\/wp\/v2\/types\/post"}],"author":[{"embeddable":true,"href":"https:\/\/meier-gerdingh.de\/wp-spd-ob\/wp-json\/wp\/v2\/users\/1"}],"replies":[{"embeddable":true,"href":"https:\/\/meier-gerdingh.de\/wp-spd-ob\/wp-json\/wp\/v2\/comments?post=7100"}],"version-history":[{"count":0,"href":"https:\/\/meier-gerdingh.de\/wp-spd-ob\/wp-json\/wp\/v2\/posts\/7100\/revisions"}],"wp:attachment":[{"href":"https:\/\/meier-gerdingh.de\/wp-spd-ob\/wp-json\/wp\/v2\/media?parent=7100"}],"wp:term":[{"taxonomy":"category","embeddable":true,"href":"https:\/\/meier-gerdingh.de\/wp-spd-ob\/wp-json\/wp\/v2\/categories?post=7100"},{"taxonomy":"post_tag","embeddable":true,"href":"https:\/\/meier-gerdingh.de\/wp-spd-ob\/wp-json\/wp\/v2\/tags?post=7100"},{"taxonomy":"quellen","embeddable":true,"href":"https:\/\/meier-gerdingh.de\/wp-spd-ob\/wp-json\/wp\/v2\/quellen?post=7100"}],"curies":[{"name":"wp","href":"https:\/\/api.w.org\/{rel}","templated":true}]}}