{"id":7109,"date":"2020-05-12T19:03:00","date_gmt":"2020-05-12T17:03:00","guid":{"rendered":"https:\/\/meier-gerdingh.de\/wp-spd-ob\/?p=7109"},"modified":"2020-05-12T19:03:00","modified_gmt":"2020-05-12T17:03:00","slug":"eltern-und-traeger-sind-besorgt","status":"publish","type":"post","link":"https:\/\/meier-gerdingh.de\/wp-spd-ob\/2020\/05\/12\/eltern-und-traeger-sind-besorgt\/","title":{"rendered":"Eltern und Tr\u00e4ger sind besorgt"},"content":{"rendered":"<div id=\"attachment_4242\" style=\"width: 150px\" class=\"wp-caption alignleft\"><a href=\"https:\/\/meier-gerdingh.de\/wp-spd-ob\/wp-content\/uploads\/2017\/05\/zimkeit_stefan_17.jpg\"><img aria-describedby=\"caption-attachment-4242\" decoding=\"async\" class=\"size-full wp-image-4242\" src=\"https:\/\/meier-gerdingh.de\/wp-spd-ob\/wp-content\/uploads\/2017\/05\/zimkeit_stefan_17.jpg\" alt=\"\" width=\"140\" height=\"192\" \/><\/a><p id=\"caption-attachment-4242\" class=\"wp-caption-text\">Stefan Zimkeit ist Landtagsabgeordneter f\u00fcr Oberhausen-Sterkrade und Dinslaken sowie haushalts- und finanzpolitischer Sprecher der SPD-Landtagsfraktion<\/p><\/div>\n<p>Viel Skepsis wurde auf der Videokonferenz deutlich, zu der Stefan Zimkeit die \u00f6rtlichen Kita-Tr\u00e4gerverb\u00e4nde und Elternbeir\u00e4te eingeladen hatte. Anika Michaelis, die dem Oberhausener und dem NRW-Elternbeirat angeh\u00f6rt, bezeichnete die Ank\u00fcndigungen des Landesfamilienministeriums als &#8222;einen Schlag ins Gesicht&#8220;. Denn bis zu den Sommerferien solle jedes Kind gerade mal f\u00fcr zwei Tage in die Kita d\u00fcrfen. &#8222;Das ist keine Entlastung, weil die Kinder darunter leiden&#8220;, betonte Kathrin Hitzmann vom Dinslakener Elternbeirat. &#8222;Die Eltern sind am Ende&#8220;, beschrieb sie die Situation nach acht Wochen Homeoffice.<\/p>\n<p>Der Abgeordnete Stefan Zimkeit h\u00e4lt es f\u00fcr v\u00f6llig unverst\u00e4ndlich, dass der Landeselternbeirat vom Familienministerium \u00fcberhaupt nicht in die Beratungen zu den Kindergarten\u00f6ffnungen involviert wird. Auch die nicht ausreichend fundierten Informationen zum Gesundheitsschutz kritisiert er. Obwohl jeder wisse, dass man in Kitas keine Abstandsregeln einhalten kann, w\u00fcrden die Erzieherinnen und Erzieher einem hohen Risiko ausgesetzt.<!--more--><\/p>\n<p>&#8222;W\u00e4ren Tests hilfreich?&#8220;, wollte Zimkeit wissen. &#8222;Das w\u00fcrde das Sicherheitsgef\u00fchl st\u00e4rken&#8220;, sagte Erika Minor vom evangelischen Kirchenkreis. Tests seien ein wichtiges begleitendes Element, erg\u00e4nzte die Caritas-Vertreterin Irmgard Handt. Sie wies auf die Kosten hin, die dann das Land tragen m\u00fcsste. &#8222;Das darf nicht am Geld scheitern&#8220;, stimmt Stefan Zimkeit zu.<\/p>\n<p>In der Diskussion waren sich alle einig, dass der Kindergartenbetrieb mindestens bis September nicht mehr so laufen kann, wie man es gewohnt war. Handt sprach sich daf\u00fcr aus, \u00fcber Alternativen nachzudenken, beispielsweise &#8222;familiennahe kleine Settings&#8220;. Die Elternvertreterin Michaelis erg\u00e4nzte: &#8222;Was ist mit einem Drau\u00dfenangebot, was ist mit Sporthallen, die leer stehen? Man muss mal um die Ecke denken.&#8220; Es gehe um die Kinder, die sozial isoliert sind, und die Eltern.<\/p>\n<p>Stefan Zimkeit versprach, die Anregungen und Bef\u00fcrchtungen von Eltern und Kitas im Landtag vorzubringen. &#8222;Die Landesregierung muss den Familien eine Betreuungsperspektive geben.&#8220; Denn die Situation werde in den n\u00e4chsten Wochen und in den Sommerferien deutlich schwieriger.<\/p>\n<p>&#8222;Viele Firmen werden ihre Besch\u00e4ftigten aus dem Homeoffice zur\u00fcck in die Betriebe rufen.&#8220; Gleichzeitig h\u00e4tten viele Eltern ihren Jahresurlaub bereits aufgebraucht. Momentan sei noch nicht einmal gekl\u00e4rt, ob und wie es eine Betreuung in den Sommerferien geben kann, erfuhr der Landtagsabgeordnete von den Vertreterinnen der kirchlichen Kitas, der Lebenshilfe und der AWO. &#8222;Da muss das Familienministerium f\u00fcr Klarheit sorgen&#8220;, forderte Zimkeit.<\/p>\n","protected":false},"excerpt":{"rendered":"<p>Viel Skepsis wurde auf der Videokonferenz deutlich, zu der Stefan Zimkeit die \u00f6rtlichen Kita-Tr\u00e4gerverb\u00e4nde und Elternbeir\u00e4te eingeladen hatte. Anika Michaelis, die dem Oberhausener und dem NRW-Elternbeirat angeh\u00f6rt, bezeichnete die Ank\u00fcndigungen&hellip; <\/p>\n","protected":false},"author":1,"featured_media":0,"comment_status":"closed","ping_status":"closed","sticky":false,"template":"","format":"standard","meta":{"footnotes":""},"categories":[2275,179],"tags":[1135,2268,2223,2228,2326,168,604,165,1752,2325,2324],"quellen":[331],"class_list":["post-7109","post","type-post","status-publish","format-standard","hentry","category-corona-krise","category-kinder-und-jugendliche","tag-awo","tag-corona-hilfen","tag-coronavirus","tag-coronavirus-krise","tag-homeoffice","tag-kinderbetreuung","tag-kindertagesstaetten","tag-kitas","tag-ktes","tag-lebenshilfe","tag-nrw-elternbeirat","quellen-mdl-stefan-zimkeit"],"_links":{"self":[{"href":"https:\/\/meier-gerdingh.de\/wp-spd-ob\/wp-json\/wp\/v2\/posts\/7109","targetHints":{"allow":["GET"]}}],"collection":[{"href":"https:\/\/meier-gerdingh.de\/wp-spd-ob\/wp-json\/wp\/v2\/posts"}],"about":[{"href":"https:\/\/meier-gerdingh.de\/wp-spd-ob\/wp-json\/wp\/v2\/types\/post"}],"author":[{"embeddable":true,"href":"https:\/\/meier-gerdingh.de\/wp-spd-ob\/wp-json\/wp\/v2\/users\/1"}],"replies":[{"embeddable":true,"href":"https:\/\/meier-gerdingh.de\/wp-spd-ob\/wp-json\/wp\/v2\/comments?post=7109"}],"version-history":[{"count":0,"href":"https:\/\/meier-gerdingh.de\/wp-spd-ob\/wp-json\/wp\/v2\/posts\/7109\/revisions"}],"wp:attachment":[{"href":"https:\/\/meier-gerdingh.de\/wp-spd-ob\/wp-json\/wp\/v2\/media?parent=7109"}],"wp:term":[{"taxonomy":"category","embeddable":true,"href":"https:\/\/meier-gerdingh.de\/wp-spd-ob\/wp-json\/wp\/v2\/categories?post=7109"},{"taxonomy":"post_tag","embeddable":true,"href":"https:\/\/meier-gerdingh.de\/wp-spd-ob\/wp-json\/wp\/v2\/tags?post=7109"},{"taxonomy":"quellen","embeddable":true,"href":"https:\/\/meier-gerdingh.de\/wp-spd-ob\/wp-json\/wp\/v2\/quellen?post=7109"}],"curies":[{"name":"wp","href":"https:\/\/api.w.org\/{rel}","templated":true}]}}