{"id":7115,"date":"2020-05-13T14:47:53","date_gmt":"2020-05-13T12:47:53","guid":{"rendered":"https:\/\/meier-gerdingh.de\/wp-spd-ob\/?p=7115"},"modified":"2020-05-25T14:50:10","modified_gmt":"2020-05-25T12:50:10","slug":"noch-keine-foerderzusage","status":"publish","type":"post","link":"https:\/\/meier-gerdingh.de\/wp-spd-ob\/2020\/05\/13\/noch-keine-foerderzusage\/","title":{"rendered":"Noch keine F\u00f6rderzusage"},"content":{"rendered":"<p>Entt\u00e4uscht zeigen sich Bezirksb\u00fcrgermeister Thomas Krey und der Abgeordnete Stefan Zimkeit, dass weiterhin keine F\u00f6rdermittel f\u00fcr das Stadtteilzentrum an der Gesamtschule Osterfeld zugesagt sind. &#8222;Mit der F\u00f6rderung der Abrisskosten ist keine verbindliche Zusage zur F\u00f6rderung des Neubaus verbunden&#8220;, hei\u00dft in der Antwort auf eine kleine Anfrage, die Zimkeit an die Landesregierung gerichtet hat.<!--more--><\/p>\n<p>Die Frage des SPD-Abgeordneten, wann mit einer Entscheidung zu rechnen sei, konnte das zust\u00e4ndige Ministerium nicht beantworten: &#8222;Eine Entscheidung \u00fcber die F\u00f6rderung eines Neubaus kann erst nach Vorlage eines entsprechenden Antrages, der zuvor zu pr\u00fcfen ist, getroffen werden.&#8220;<\/p>\n<p>Thomas Krey ist entt\u00e4uscht, dass es der Stadtspitze bisher nicht gelungen ist, einen f\u00f6rderf\u00e4higen Antrag in D\u00fcsseldorf einzureichen. &#8222;Meine Sorge ist, dass es nach dem Abriss erstmal nicht weitergeht.&#8220; <\/p>\n<p>Der k\u00fcnftige Multifunktionskomplex an der Gesamtschule soll die Stadtteilbibliothek, eine Aula als Veranstaltungssaal und das neue Jugendzentrum beherbergen. Laut Zimkeit gehe es dabei um eine F\u00f6rdersumme von mehr als zehn Millionen Euro, die aus dem Bund-L\u00e4nder-Programm &#8222;Sozialer Zusammenhalt&#8220; flie\u00dfen k\u00f6nnte.<\/p>\n","protected":false},"excerpt":{"rendered":"<p>Entt\u00e4uscht zeigen sich Bezirksb\u00fcrgermeister Thomas Krey und der Abgeordnete Stefan Zimkeit, dass weiterhin keine F\u00f6rdermittel f\u00fcr das Stadtteilzentrum an der Gesamtschule Osterfeld zugesagt sind. &#8222;Mit der F\u00f6rderung der Abrisskosten ist&hellip; <\/p>\n","protected":false},"author":1,"featured_media":0,"comment_status":"closed","ping_status":"closed","sticky":false,"template":"","format":"standard","meta":{"footnotes":""},"categories":[216,167],"tags":[2332,957,558,1061,5,2330,41,2331],"quellen":[331],"class_list":["post-7115","post","type-post","status-publish","format-standard","hentry","category-land","category-stadtteile","tag-foerderantrag","tag-foerdermittel","tag-gesamtschule-osterfeld","tag-jugendzentrum-osterfeld","tag-landesfoerderung","tag-multifunktionskomplex-osterfeld","tag-osterfeld","tag-stadtteilbibliothek-osterfeld","quellen-mdl-stefan-zimkeit"],"_links":{"self":[{"href":"https:\/\/meier-gerdingh.de\/wp-spd-ob\/wp-json\/wp\/v2\/posts\/7115","targetHints":{"allow":["GET"]}}],"collection":[{"href":"https:\/\/meier-gerdingh.de\/wp-spd-ob\/wp-json\/wp\/v2\/posts"}],"about":[{"href":"https:\/\/meier-gerdingh.de\/wp-spd-ob\/wp-json\/wp\/v2\/types\/post"}],"author":[{"embeddable":true,"href":"https:\/\/meier-gerdingh.de\/wp-spd-ob\/wp-json\/wp\/v2\/users\/1"}],"replies":[{"embeddable":true,"href":"https:\/\/meier-gerdingh.de\/wp-spd-ob\/wp-json\/wp\/v2\/comments?post=7115"}],"version-history":[{"count":0,"href":"https:\/\/meier-gerdingh.de\/wp-spd-ob\/wp-json\/wp\/v2\/posts\/7115\/revisions"}],"wp:attachment":[{"href":"https:\/\/meier-gerdingh.de\/wp-spd-ob\/wp-json\/wp\/v2\/media?parent=7115"}],"wp:term":[{"taxonomy":"category","embeddable":true,"href":"https:\/\/meier-gerdingh.de\/wp-spd-ob\/wp-json\/wp\/v2\/categories?post=7115"},{"taxonomy":"post_tag","embeddable":true,"href":"https:\/\/meier-gerdingh.de\/wp-spd-ob\/wp-json\/wp\/v2\/tags?post=7115"},{"taxonomy":"quellen","embeddable":true,"href":"https:\/\/meier-gerdingh.de\/wp-spd-ob\/wp-json\/wp\/v2\/quellen?post=7115"}],"curies":[{"name":"wp","href":"https:\/\/api.w.org\/{rel}","templated":true}]}}