{"id":7121,"date":"2020-05-24T11:09:25","date_gmt":"2020-05-24T09:09:25","guid":{"rendered":"https:\/\/meier-gerdingh.de\/wp-spd-ob\/?p=7121"},"modified":"2020-05-30T11:11:47","modified_gmt":"2020-05-30T09:11:47","slug":"schranz-zu-zaghaft","status":"publish","type":"post","link":"https:\/\/meier-gerdingh.de\/wp-spd-ob\/2020\/05\/24\/schranz-zu-zaghaft\/","title":{"rendered":"Schranz zu zaghaft"},"content":{"rendered":"<div id=\"attachment_7101\" style=\"width: 310px\" class=\"wp-caption alignleft\"><a href=\"https:\/\/meier-gerdingh.de\/wp-spd-ob\/wp-content\/uploads\/2020\/05\/spd-ob-kandidat-thorsten-berg-lg.jpg\"><img aria-describedby=\"caption-attachment-7101\" decoding=\"async\" class=\"size-full wp-image-7101\" src=\"https:\/\/meier-gerdingh.de\/wp-spd-ob\/wp-content\/uploads\/2020\/05\/spd-ob-kandidat-thorsten-berg.jpg\" alt=\"\" width=\"300\" height=\"450\" srcset=\"https:\/\/meier-gerdingh.de\/wp-spd-ob\/wp-content\/uploads\/2020\/05\/spd-ob-kandidat-thorsten-berg.jpg 300w, https:\/\/meier-gerdingh.de\/wp-spd-ob\/wp-content\/uploads\/2020\/05\/spd-ob-kandidat-thorsten-berg-200x300.jpg 200w\" sizes=\"(max-width: 300px) 100vw, 300px\" \/><\/a><p id=\"caption-attachment-7101\" class=\"wp-caption-text\">Thorsten Berg soll OB-Kandidat der Oberhausener SPD werden<\/p><\/div>\n<p>Die zunehmende \u00f6ffentliche Positionierung f\u00fcr den Plan von Bundesfinanzminister Olaf Scholz (SPD), Kommunen bei coronabedingten Steuerausf\u00e4llen und Altschulden in gro\u00dfem Ma\u00dfe zu unterst\u00fctzen, ist aus Sicht der Oberhausener SPD ein wichtiger Schritt.<\/p>\n<p>&#8222;Alle Politikerinnen und Politiker sind in der Pflicht, diesen Plan nicht nur im stillen K\u00e4mmerlein zu bef\u00fcrworten, sondern ihn auch laut und deutlich h\u00f6rbar zu unterst\u00fctzen&#8220;, erkl\u00e4rt die SPD-Fraktionsvorsitzende und Landtagsabgeordnete Sonja Bongers. &#8222;Eine Resolution des Rates w\u00e4re ein weiterer, deutlicher Schritt, andere St\u00e4dte sind bereits vorausgegangen.&#8220;<!--more--><\/p>\n<p>Die Positionierung des Oberb\u00fcrgermeisters Daniel Schranz f\u00fcr den Scholz-Plan hat auch der designierte SPD-Kandidat f\u00fcr das Amt, Thorsten Berg, registriert. &#8222;Es wurde Zeit, dass der OB endlich in dieser existenziellen Frage \u00f6ffentlich Stellung bezieht&#8220;, so Berg.<\/p>\n<p>&#8222;Allerdings hilft es wenig, dies h\u00f6rbar nur in Oberhausen zu vertreten, hier muss niemand mehr \u00fcberzeugt werden&#8220;, mahnt der OB-Kandidat: &#8222;Es w\u00e4re gewiss hilfreich, wenn der Oberb\u00fcrgermeister sich entschiedener bei seinem CDU-Parteifreund Ministerpr\u00e4sident Armin Laschet f\u00fcr die Interessen unserer Stadt einsetzen w\u00fcrde. Die Unterst\u00fctzung der Landesregierung bleibt weit hinter den Erfordernissen zur\u00fcck und l\u00e4sst das Ruhrgebiet in eine dramatische wirtschaftliche Krise schlittern.&#8220;<\/p>\n","protected":false},"excerpt":{"rendered":"<p>Die zunehmende \u00f6ffentliche Positionierung f\u00fcr den Plan von Bundesfinanzminister Olaf Scholz (SPD), Kommunen bei coronabedingten Steuerausf\u00e4llen und Altschulden in gro\u00dfem Ma\u00dfe zu unterst\u00fctzen, ist aus Sicht der Oberhausener SPD ein&hellip; <\/p>\n","protected":false},"author":1,"featured_media":0,"comment_status":"closed","ping_status":"closed","sticky":false,"template":"","format":"standard","meta":{"footnotes":""},"categories":[98],"tags":[1259,2347,2223,2228,2218,14,1645,1306,2348,2329],"quellen":[327],"class_list":["post-7121","post","type-post","status-publish","format-standard","hentry","category-finanzen","tag-altschulden","tag-altschuldenhilfe","tag-coronavirus","tag-coronavirus-krise","tag-covid-19-krise","tag-kommunalfinanzen","tag-ratsresolution","tag-ruhrgebiet","tag-scholz-plan","tag-steuerausfaelle","quellen-spd-unterbezirk-oberhausen"],"_links":{"self":[{"href":"https:\/\/meier-gerdingh.de\/wp-spd-ob\/wp-json\/wp\/v2\/posts\/7121","targetHints":{"allow":["GET"]}}],"collection":[{"href":"https:\/\/meier-gerdingh.de\/wp-spd-ob\/wp-json\/wp\/v2\/posts"}],"about":[{"href":"https:\/\/meier-gerdingh.de\/wp-spd-ob\/wp-json\/wp\/v2\/types\/post"}],"author":[{"embeddable":true,"href":"https:\/\/meier-gerdingh.de\/wp-spd-ob\/wp-json\/wp\/v2\/users\/1"}],"replies":[{"embeddable":true,"href":"https:\/\/meier-gerdingh.de\/wp-spd-ob\/wp-json\/wp\/v2\/comments?post=7121"}],"version-history":[{"count":0,"href":"https:\/\/meier-gerdingh.de\/wp-spd-ob\/wp-json\/wp\/v2\/posts\/7121\/revisions"}],"wp:attachment":[{"href":"https:\/\/meier-gerdingh.de\/wp-spd-ob\/wp-json\/wp\/v2\/media?parent=7121"}],"wp:term":[{"taxonomy":"category","embeddable":true,"href":"https:\/\/meier-gerdingh.de\/wp-spd-ob\/wp-json\/wp\/v2\/categories?post=7121"},{"taxonomy":"post_tag","embeddable":true,"href":"https:\/\/meier-gerdingh.de\/wp-spd-ob\/wp-json\/wp\/v2\/tags?post=7121"},{"taxonomy":"quellen","embeddable":true,"href":"https:\/\/meier-gerdingh.de\/wp-spd-ob\/wp-json\/wp\/v2\/quellen?post=7121"}],"curies":[{"name":"wp","href":"https:\/\/api.w.org\/{rel}","templated":true}]}}