{"id":7122,"date":"2020-05-22T11:11:52","date_gmt":"2020-05-22T09:11:52","guid":{"rendered":"https:\/\/meier-gerdingh.de\/wp-spd-ob\/?p=7122"},"modified":"2020-05-30T11:13:51","modified_gmt":"2020-05-30T09:13:51","slug":"spd-im-rat-fordert-einsatz-fuer-rettungsschirm","status":"publish","type":"post","link":"https:\/\/meier-gerdingh.de\/wp-spd-ob\/2020\/05\/22\/spd-im-rat-fordert-einsatz-fuer-rettungsschirm\/","title":{"rendered":"SPD im Rat fordert Einsatz f\u00fcr Rettungsschirm"},"content":{"rendered":"<div id=\"attachment_5285\" style=\"width: 190px\" class=\"wp-caption alignleft\"><a href=\"https:\/\/meier-gerdingh.de\/wp-spd-ob\/wp-content\/uploads\/2018\/06\/14_bongers_sonja_1000.jpg\"><img aria-describedby=\"caption-attachment-5285\" decoding=\"async\" class=\"size-full wp-image-5285\" src=\"https:\/\/meier-gerdingh.de\/wp-spd-ob\/wp-content\/uploads\/2018\/06\/14_bongers_sonja.jpg\" alt=\"\" width=\"180\" height=\"180\" srcset=\"https:\/\/meier-gerdingh.de\/wp-spd-ob\/wp-content\/uploads\/2018\/06\/14_bongers_sonja.jpg 180w, https:\/\/meier-gerdingh.de\/wp-spd-ob\/wp-content\/uploads\/2018\/06\/14_bongers_sonja-150x150.jpg 150w\" sizes=\"(max-width: 180px) 100vw, 180px\" \/><\/a><p id=\"caption-attachment-5285\" class=\"wp-caption-text\">Sonja Bongers ist Vorsitzende der SPD-Ratsfraktion und Mitglied des Landtags von Nordrhein-Westfalen<\/p><\/div>\n<p>Die SPD-Ratsfraktion w\u00fcnscht sich, dass sich die Stadt deutlicher f\u00fcr den Rettungsschirm f\u00fcr die Kommunen nach Pl\u00e4nen von Bundesfinanzminister Olaf Scholz (SPD) engagiert:<\/p>\n<p>&#8222;Da sich in einigen Bundesl\u00e4ndern und vor allem in der Union bereits Widerstand gegen die Pl\u00e4ne formiert, m\u00fcssen verschuldete St\u00e4dte wie Oberhausen nun klar Position beziehen: Auch wir wollen unseren B\u00fcrgerinnen und B\u00fcrgern eine gute Infrastruktur bieten&#8220;, erkl\u00e4rt die Fraktionsvorsitzende Sonja Bongers dazu.<!--more--><\/p>\n<p>Ein Schritt in diese Richtung soll eine Resolution sein, wie sie schon von vielen anderen betroffenen St\u00e4dten verabschiedet worden ist.<\/p>\n<p>&#8222;Da w\u00e4re es wichtig, dass wir eine solche Resolution f\u00fcr den kommunalen Rettungsschirm und die Altschuldenhilfe interfraktionell und geschlossen verabschieden, um zu zeigen, dass wir als Stadtgesellschaft hinter diesem Vorhaben stehen und auch Solidarit\u00e4t einfordern&#8220;, so die Fraktionsvorsitzende weiter.<\/p>\n","protected":false},"excerpt":{"rendered":"<p>Die SPD-Ratsfraktion w\u00fcnscht sich, dass sich die Stadt deutlicher f\u00fcr den Rettungsschirm f\u00fcr die Kommunen nach Pl\u00e4nen von Bundesfinanzminister Olaf Scholz (SPD) engagiert: &#8222;Da sich in einigen Bundesl\u00e4ndern und vor&hellip; <\/p>\n","protected":false},"author":1,"featured_media":0,"comment_status":"closed","ping_status":"closed","sticky":false,"template":"","format":"standard","meta":{"footnotes":""},"categories":[98],"tags":[1259,1287,2347,2223,2228,2218,14,1645,1306,2348,2329],"quellen":[326],"class_list":["post-7122","post","type-post","status-publish","format-standard","hentry","category-finanzen","tag-altschulden","tag-altschuldenfonds","tag-altschuldenhilfe","tag-coronavirus","tag-coronavirus-krise","tag-covid-19-krise","tag-kommunalfinanzen","tag-ratsresolution","tag-ruhrgebiet","tag-scholz-plan","tag-steuerausfaelle","quellen-spd-fraktion-oberhausen"],"_links":{"self":[{"href":"https:\/\/meier-gerdingh.de\/wp-spd-ob\/wp-json\/wp\/v2\/posts\/7122","targetHints":{"allow":["GET"]}}],"collection":[{"href":"https:\/\/meier-gerdingh.de\/wp-spd-ob\/wp-json\/wp\/v2\/posts"}],"about":[{"href":"https:\/\/meier-gerdingh.de\/wp-spd-ob\/wp-json\/wp\/v2\/types\/post"}],"author":[{"embeddable":true,"href":"https:\/\/meier-gerdingh.de\/wp-spd-ob\/wp-json\/wp\/v2\/users\/1"}],"replies":[{"embeddable":true,"href":"https:\/\/meier-gerdingh.de\/wp-spd-ob\/wp-json\/wp\/v2\/comments?post=7122"}],"version-history":[{"count":0,"href":"https:\/\/meier-gerdingh.de\/wp-spd-ob\/wp-json\/wp\/v2\/posts\/7122\/revisions"}],"wp:attachment":[{"href":"https:\/\/meier-gerdingh.de\/wp-spd-ob\/wp-json\/wp\/v2\/media?parent=7122"}],"wp:term":[{"taxonomy":"category","embeddable":true,"href":"https:\/\/meier-gerdingh.de\/wp-spd-ob\/wp-json\/wp\/v2\/categories?post=7122"},{"taxonomy":"post_tag","embeddable":true,"href":"https:\/\/meier-gerdingh.de\/wp-spd-ob\/wp-json\/wp\/v2\/tags?post=7122"},{"taxonomy":"quellen","embeddable":true,"href":"https:\/\/meier-gerdingh.de\/wp-spd-ob\/wp-json\/wp\/v2\/quellen?post=7122"}],"curies":[{"name":"wp","href":"https:\/\/api.w.org\/{rel}","templated":true}]}}