{"id":7129,"date":"2020-06-04T15:24:22","date_gmt":"2020-06-04T13:24:22","guid":{"rendered":"https:\/\/meier-gerdingh.de\/wp-spd-ob\/?p=7129"},"modified":"2020-06-04T15:24:22","modified_gmt":"2020-06-04T13:24:22","slug":"spd-lobt-konjunkturpaket-des-bundes-aber-nun-ist-das-land-gefordert","status":"publish","type":"post","link":"https:\/\/meier-gerdingh.de\/wp-spd-ob\/2020\/06\/04\/spd-lobt-konjunkturpaket-des-bundes-aber-nun-ist-das-land-gefordert\/","title":{"rendered":"SPD lobt Konjunkturpaket des Bundes, aber nun ist das Land gefordert"},"content":{"rendered":"<div id=\"attachment_7101\" style=\"width: 310px\" class=\"wp-caption alignleft\"><a href=\"https:\/\/meier-gerdingh.de\/wp-spd-ob\/wp-content\/uploads\/2020\/05\/spd-ob-kandidat-thorsten-berg-lg.jpg\"><img aria-describedby=\"caption-attachment-7101\" decoding=\"async\" class=\"size-full wp-image-7101\" src=\"https:\/\/meier-gerdingh.de\/wp-spd-ob\/wp-content\/uploads\/2020\/05\/spd-ob-kandidat-thorsten-berg.jpg\" alt=\"\" width=\"300\" height=\"450\" srcset=\"https:\/\/meier-gerdingh.de\/wp-spd-ob\/wp-content\/uploads\/2020\/05\/spd-ob-kandidat-thorsten-berg.jpg 300w, https:\/\/meier-gerdingh.de\/wp-spd-ob\/wp-content\/uploads\/2020\/05\/spd-ob-kandidat-thorsten-berg-200x300.jpg 200w\" sizes=\"(max-width: 300px) 100vw, 300px\" \/><\/a><p id=\"caption-attachment-7101\" class=\"wp-caption-text\">Thorsten Berg soll OB-Kandidat der Oberhausener SPD werden<\/p><\/div>\n<p>Die Oberhausener SPD und ihr Kandidat f\u00fcr das Amt des Oberb\u00fcrgermeisters, Thorsten Berg, freuen sich dar\u00fcber, dass die Vorschl\u00e4ge von Bundesfinanzminister Olaf Scholz so weitreichend ihren Weg in das milliardenschwere Ma\u00dfnahmenpaket des Bundes gefunden haben. Aber nun ist das Land NRW in der Pflicht.<\/p>\n<p><strong>Gelebte SPD-Politik<\/strong><\/p>\n<p>&#8222;Es ist f\u00fcr Oberhausen gut, dass kleine und mittelst\u00e4ndische Unternehmen nun Sicherheit erhalten. Gerade die besonders betroffenen Wirtschaftszweige wie etwa Hotel- und Gastst\u00e4ttengewerbe aber auch Reiseb\u00fcros profitieren von den Unterst\u00fctzungen. Die Kommunen k\u00f6nnen so erst einmal handlungsf\u00e4hig bleiben und weiter in ihre regionale Wirtschaft investieren. Dies ist auch f\u00fcr die Bauwirtschaft und das Handwerk von gro\u00dfer Bedeutung&#8220;, so Thorsten Berg.<!--more--><\/p>\n<p>Auch die Zahlungen an die Kommunen f\u00fcr die Kosten der Unterbringung sieht Berg positiv: &#8222;Dass der Bund k\u00fcnftig drei Viertel statt derzeit knapp die H\u00e4lfte der Miet- und Heizkosten von Hartz-IV-Beziehern \u00fcbernimmt, ist gelebte SPD-Politik. Und auch der Ausgleich der Einbr\u00fcche bei den Gewerbesteuern ist ein wichtiges Signal&#8220;, erkl\u00e4rt Thorsten Berg.<\/p>\n<p><strong>Land NRW muss aktiv werden<\/strong><\/p>\n<p>Dennoch sei immer noch nicht die prek\u00e4re Lage von Ruhrgebietsst\u00e4dten wie Oberhausen gekl\u00e4rt. &#8222;Die Altschulden-L\u00f6sung f\u00fcr die betroffenen Kommunen schiebt man weiter vor sich her. Hier schweigt sich die NRW-Landesregierung immer noch aus und mit ihr auch der Oberhausener Oberb\u00fcrgermeister. Es ist nur allzu deutlich, dass Ministerpr\u00e4sident Armin Laschet keine Politik f\u00fcr die Menschen im Ruhrgebiet macht &#8211; ganz im Gegenteil&#8220;, kritisiert Berg. Nun sei ein eigenes Konzept der Laschet-Regierung vonn\u00f6ten. &#8222;Darauf warten wir bislang leider vergebens, ebenso auf eine klare Positionierung des Oberb\u00fcrgermeisters in dieser f\u00fcr unsere Stadt so existenziellen Frage&#8220;, so Thorsten Berg.<\/p>\n<p>Dass auch CDU-Politiker endlich ein Handeln anmahnen, zeigt der Wuppertaler Stadtk\u00e4mmerer Johannes Slawig: Er fordert, dass die NRW-Landesregierung jetzt ein eigenes Konzept zur Probleml\u00f6sung vorlegen m\u00fcsse. Solche Worte hat man vom Oberhausener Oberb\u00fcrgermeister bislang nicht geh\u00f6rt.<\/p>\n","protected":false},"excerpt":{"rendered":"<p>Die Oberhausener SPD und ihr Kandidat f\u00fcr das Amt des Oberb\u00fcrgermeisters, Thorsten Berg, freuen sich dar\u00fcber, dass die Vorschl\u00e4ge von Bundesfinanzminister Olaf Scholz so weitreichend ihren Weg in das milliardenschwere&hellip; <\/p>\n","protected":false},"author":1,"featured_media":0,"comment_status":"closed","ping_status":"closed","sticky":false,"template":"","format":"standard","meta":{"footnotes":""},"categories":[174,180,311],"tags":[1287,2192,2363,1169,2354,2362,2360,2357,2361,2327,1555,2348],"quellen":[327],"class_list":["post-7129","post","type-post","status-publish","format-standard","hentry","category-arbeit-und-soziales","category-bund","category-wirtschaft","tag-altschuldenfonds","tag-altschuldenproblematik","tag-bauwirtschaft","tag-handwerk","tag-hartz-iv-bezieher","tag-hotel-und-gaststaettengewerbe","tag-kleine-und-mittelstaendische-unternehmen","tag-konjunkturpaket","tag-kosten-der-unterbringung","tag-reisebueros","tag-ruhrgebietsstaedte","tag-scholz-plan","quellen-spd-unterbezirk-oberhausen"],"_links":{"self":[{"href":"https:\/\/meier-gerdingh.de\/wp-spd-ob\/wp-json\/wp\/v2\/posts\/7129","targetHints":{"allow":["GET"]}}],"collection":[{"href":"https:\/\/meier-gerdingh.de\/wp-spd-ob\/wp-json\/wp\/v2\/posts"}],"about":[{"href":"https:\/\/meier-gerdingh.de\/wp-spd-ob\/wp-json\/wp\/v2\/types\/post"}],"author":[{"embeddable":true,"href":"https:\/\/meier-gerdingh.de\/wp-spd-ob\/wp-json\/wp\/v2\/users\/1"}],"replies":[{"embeddable":true,"href":"https:\/\/meier-gerdingh.de\/wp-spd-ob\/wp-json\/wp\/v2\/comments?post=7129"}],"version-history":[{"count":0,"href":"https:\/\/meier-gerdingh.de\/wp-spd-ob\/wp-json\/wp\/v2\/posts\/7129\/revisions"}],"wp:attachment":[{"href":"https:\/\/meier-gerdingh.de\/wp-spd-ob\/wp-json\/wp\/v2\/media?parent=7129"}],"wp:term":[{"taxonomy":"category","embeddable":true,"href":"https:\/\/meier-gerdingh.de\/wp-spd-ob\/wp-json\/wp\/v2\/categories?post=7129"},{"taxonomy":"post_tag","embeddable":true,"href":"https:\/\/meier-gerdingh.de\/wp-spd-ob\/wp-json\/wp\/v2\/tags?post=7129"},{"taxonomy":"quellen","embeddable":true,"href":"https:\/\/meier-gerdingh.de\/wp-spd-ob\/wp-json\/wp\/v2\/quellen?post=7129"}],"curies":[{"name":"wp","href":"https:\/\/api.w.org\/{rel}","templated":true}]}}