{"id":7139,"date":"2020-06-12T18:22:12","date_gmt":"2020-06-12T16:22:12","guid":{"rendered":"https:\/\/meier-gerdingh.de\/wp-spd-ob\/?p=7139"},"modified":"2020-06-12T18:25:16","modified_gmt":"2020-06-12T16:25:16","slug":"nrw-streicht-zuschuesse-fuer-arbeitslosenzentren","status":"publish","type":"post","link":"https:\/\/meier-gerdingh.de\/wp-spd-ob\/2020\/06\/12\/nrw-streicht-zuschuesse-fuer-arbeitslosenzentren\/","title":{"rendered":"NRW streicht Zusch\u00fcsse f\u00fcr Arbeitslosenzentren"},"content":{"rendered":"<div id=\"attachment_7101\" style=\"width: 310px\" class=\"wp-caption alignleft\"><a href=\"https:\/\/meier-gerdingh.de\/wp-spd-ob\/wp-content\/uploads\/2020\/05\/spd-ob-kandidat-thorsten-berg.jpg\"><img aria-describedby=\"caption-attachment-7101\" decoding=\"async\" class=\"size-full wp-image-7101\" src=\"https:\/\/meier-gerdingh.de\/wp-spd-ob\/wp-content\/uploads\/2020\/05\/spd-ob-kandidat-thorsten-berg.jpg\" alt=\"\" width=\"300\" height=\"450\" srcset=\"https:\/\/meier-gerdingh.de\/wp-spd-ob\/wp-content\/uploads\/2020\/05\/spd-ob-kandidat-thorsten-berg.jpg 300w, https:\/\/meier-gerdingh.de\/wp-spd-ob\/wp-content\/uploads\/2020\/05\/spd-ob-kandidat-thorsten-berg-200x300.jpg 200w\" sizes=\"(max-width: 300px) 100vw, 300px\" \/><\/a><p id=\"caption-attachment-7101\" class=\"wp-caption-text\">Thorsten Berg ist der designierte OB-Kandidat der Oberhausener SPD<\/p><\/div>\n<p>Oberb\u00fcrgermeisterkandidat Thorsten Berg bef\u00fcrchtet, dass der Wegfall der Landeszusch\u00fcsse die Existenz der Arbeitslosenzentren gef\u00e4hrdet. &#8222;Davon w\u00e4ren der Kontakt e.V. in Sterkrade und die Ruhrwerkstatt betroffen. Das ist ein fatales Signal in einer Zeit, in der wir coronabedingt steigende Arbeitslosenzahlen verzeichnen&#8220;, sagt Berg.<\/p>\n<p>&#8222;Die Erwerbslosenberatungsstellen, zu denen die Starthilfe im Zentrum Altenberg geh\u00f6rt, sollen mit zus\u00e4tzlichen Aufgaben betraut werden&#8220;, berichtet der Abgeordnete Stefan Zimkeit. &#8222;Wie wichtig es ist, Anlaufstellen f\u00fcr Besch\u00e4ftigte etwa in der Fleischindustrie zu schaffen, haben die aktuellen Skandale gezeigt. Das darf aber nicht zu Lasten der Arbeitslosenzentren gehen&#8220;, kritisiert Zimkeit eine soeben ver\u00f6ffentlichten Ausschreibung des Landesarbeitsministeriums.<!--more--><\/p>\n<p>&#8222;Genauso wichtig wir die Beratung von Menschen mit prek\u00e4ren Besch\u00e4ftigungen ist die Kontrolle von Arbeitsschutz und Arbeitszeiten. Hier gibt es in NRW erheblichen Handlungsbedarf geltendes Recht durchzusetzen und massive Verst\u00f6\u00dfe zu unterbinden.&#8220;<\/p>\n<p>Stefan Zimkeit h\u00e4lt es f\u00fcr falsch, das notwendige zus\u00e4tzliche Personal f\u00fcr die Erwerbslosenberatung durch die Streichung der F\u00f6rdermittel f\u00fcr Arbeitslosenzentren zu finanzieren, &#8222;und das auch nur f\u00fcr eine sehr kurzen Bewilligungszeitraum von zwei Jahren&#8220;. Er bef\u00fcrchtet, dass die Landesregierung plant, nach der Wahl 2022 weitere K\u00fcrzungen vorzunehmen.<\/p>\n<p>Auch Thorsten Berg kritisiert das Vorgehen des Landesarbeitsministeriums und pl\u00e4diert f\u00fcr den Erhalt der Arbeitslosenzentren, die wichtig als Anlaufstellen f\u00fcr Betroffene und deren Familien sind. Die Landesregierung spare damit ausgerechnet bei den Menschen, die aufgrund ihrer langen Erwerbslosigkeit gesellschaftlich abgeh\u00e4ngt sind.<\/p>\n","protected":false},"excerpt":{"rendered":"<p>Oberb\u00fcrgermeisterkandidat Thorsten Berg bef\u00fcrchtet, dass der Wegfall der Landeszusch\u00fcsse die Existenz der Arbeitslosenzentren gef\u00e4hrdet. &#8222;Davon w\u00e4ren der Kontakt e.V. in Sterkrade und die Ruhrwerkstatt betroffen. Das ist ein fatales Signal&hellip; <\/p>\n","protected":false},"author":1,"featured_media":0,"comment_status":"closed","ping_status":"closed","sticky":false,"template":"","format":"standard","meta":{"footnotes":""},"categories":[174,216],"tags":[2207,2138,2209,1594,917,2208,2352,742,431,1557,2353],"quellen":[331],"class_list":["post-7139","post","type-post","status-publish","format-standard","hentry","category-arbeit-und-soziales","category-land","tag-arbeitslose","tag-arbeitslosenzentren","tag-arbeitslosenzentrum-kontakt-e-v","tag-arbeitslosigkeit","tag-arbeitsschutz","tag-erwerbslosenberatung","tag-erwerbslosenberatungsstellen","tag-langzeitarbeitslose","tag-langzeitarbeitslosigkeit","tag-ruhrwerkstatt","tag-starthilfe-erwerbslosenberatung","quellen-mdl-stefan-zimkeit"],"_links":{"self":[{"href":"https:\/\/meier-gerdingh.de\/wp-spd-ob\/wp-json\/wp\/v2\/posts\/7139","targetHints":{"allow":["GET"]}}],"collection":[{"href":"https:\/\/meier-gerdingh.de\/wp-spd-ob\/wp-json\/wp\/v2\/posts"}],"about":[{"href":"https:\/\/meier-gerdingh.de\/wp-spd-ob\/wp-json\/wp\/v2\/types\/post"}],"author":[{"embeddable":true,"href":"https:\/\/meier-gerdingh.de\/wp-spd-ob\/wp-json\/wp\/v2\/users\/1"}],"replies":[{"embeddable":true,"href":"https:\/\/meier-gerdingh.de\/wp-spd-ob\/wp-json\/wp\/v2\/comments?post=7139"}],"version-history":[{"count":0,"href":"https:\/\/meier-gerdingh.de\/wp-spd-ob\/wp-json\/wp\/v2\/posts\/7139\/revisions"}],"wp:attachment":[{"href":"https:\/\/meier-gerdingh.de\/wp-spd-ob\/wp-json\/wp\/v2\/media?parent=7139"}],"wp:term":[{"taxonomy":"category","embeddable":true,"href":"https:\/\/meier-gerdingh.de\/wp-spd-ob\/wp-json\/wp\/v2\/categories?post=7139"},{"taxonomy":"post_tag","embeddable":true,"href":"https:\/\/meier-gerdingh.de\/wp-spd-ob\/wp-json\/wp\/v2\/tags?post=7139"},{"taxonomy":"quellen","embeddable":true,"href":"https:\/\/meier-gerdingh.de\/wp-spd-ob\/wp-json\/wp\/v2\/quellen?post=7139"}],"curies":[{"name":"wp","href":"https:\/\/api.w.org\/{rel}","templated":true}]}}