{"id":7140,"date":"2020-06-12T18:24:40","date_gmt":"2020-06-12T16:24:40","guid":{"rendered":"https:\/\/meier-gerdingh.de\/wp-spd-ob\/?p=7140"},"modified":"2020-06-12T18:26:02","modified_gmt":"2020-06-12T16:26:02","slug":"spd-beklagt-desastroese-wirtschaftliche-entwicklung-in-oberhausen","status":"publish","type":"post","link":"https:\/\/meier-gerdingh.de\/wp-spd-ob\/2020\/06\/12\/spd-beklagt-desastroese-wirtschaftliche-entwicklung-in-oberhausen\/","title":{"rendered":"SPD beklagt desastr\u00f6se wirtschaftliche Entwicklung"},"content":{"rendered":"<div id=\"attachment_5285\" style=\"width: 190px\" class=\"wp-caption alignleft\"><a href=\"https:\/\/meier-gerdingh.de\/wp-spd-ob\/wp-content\/uploads\/2018\/06\/14_bongers_sonja.jpg\"><img aria-describedby=\"caption-attachment-5285\" decoding=\"async\" class=\"size-full wp-image-5285\" src=\"https:\/\/meier-gerdingh.de\/wp-spd-ob\/wp-content\/uploads\/2018\/06\/14_bongers_sonja.jpg\" alt=\"\" width=\"180\" height=\"180\" srcset=\"https:\/\/meier-gerdingh.de\/wp-spd-ob\/wp-content\/uploads\/2018\/06\/14_bongers_sonja.jpg 180w, https:\/\/meier-gerdingh.de\/wp-spd-ob\/wp-content\/uploads\/2018\/06\/14_bongers_sonja-150x150.jpg 150w\" sizes=\"(max-width: 180px) 100vw, 180px\" \/><\/a><p id=\"caption-attachment-5285\" class=\"wp-caption-text\">Sonja Bongers ist Vorsitzende der SPD-Ratsfraktion und Mitglied des Landtags von Nordrhein-Westfalen<\/p><\/div>\n<p>Im kommenden Hauptausschuss am Montag m\u00f6chte die SPD-Ratsfraktion \u00fcber die wirtschaftliche Entwicklung Oberhausens im Zuge der Corona-Krise informiert werden. Die Nachfrage soll helfen, die allgemeinen Einsch\u00e4tzungen zu den wirtschaftlichen Folgen von Covid-19 f\u00fcr das wirtschaftliche Leben in Oberhausen zu konkretisieren. Die Sozialdemokraten f\u00fcrchten, dass die alleine schon verheerenden Folgen der Pandemie einen Trend verst\u00e4rken, der sich f\u00fcr Oberhausen in den vergangenen Monaten abgezeichnet hat.<!--more--><\/p>\n<p>Dies l\u00e4sst sich aus den Ergebnissen des Regionalrankings des Instituts der deutschen Wirtschaft ableiten, das j\u00fcngst ver\u00f6ffentlicht worden ist. Das &#8222;IW Regionalranking 2020&#8220; h\u00e4lt f\u00fcr Oberhausen erneut vornehmlich hintere Pl\u00e4tze bereit, im Bereich &#8222;Wirtschaftsstruktur&#8220; bleibt f\u00fcr unsere Stadt bei 401 untersuchten Landkreisen und kreisfreien St\u00e4dten der letzte Platz.<\/p>\n<p>Bereits im &#8222;St\u00e4dteranking 2019&#8220;, das unter Mitarbeit des arbeitgebernahen Wirtschaftsforschungsinstituts entstanden war, waren f\u00fcr Oberhausen in wichtigen, zukunftsweisenden Kategorien vornehmlich hintere Pl\u00e4tze herausgesprungen.<\/p>\n<p>Dies hatte die SPD-Fraktion in einer Sitzung des Hauptausschusses auch thematisiert. &#8222;Leider hatte sich die Verwaltung des CDU-Oberb\u00fcrgermeisters damit begn\u00fcgt, vermeintliche Schw\u00e4chen der Untersuchungsmethodik aufzuzeigen und die Sinnhaftigkeit solcher Rankings grunds\u00e4tzlich in Zweifel zu ziehen, anstatt sich mit den Resultaten ernsthaft auseinanderzusetzen&#8220;, bedauert die Fraktionsvorsitzende Sonja Bongers. &#8222;Durch den drohenden konjunkturellen Abschwung in Folge der Corona-Krise alarmieren uns solche Ergebnisse nun noch mehr.&#8220;<\/p>\n<p>Beim Dynamikranking, das mittels 14 Indikatoren die wirtschaftliche Entwicklung aller Kreise und kreisfreien St\u00e4dte Deutschlands bezogen auf das Referenzjahr 2016 abbildet, landet Oberhausen auf Platz 369 \u2013 ruhrgebietsweit landet nur Herne (398) noch weiter hinten.<\/p>\n","protected":false},"excerpt":{"rendered":"<p>Im kommenden Hauptausschuss am Montag m\u00f6chte die SPD-Ratsfraktion \u00fcber die wirtschaftliche Entwicklung Oberhausens im Zuge der Corona-Krise informiert werden. Die Nachfrage soll helfen, die allgemeinen Einsch\u00e4tzungen zu den wirtschaftlichen Folgen&hellip; <\/p>\n","protected":false},"author":1,"featured_media":0,"comment_status":"closed","ping_status":"closed","sticky":false,"template":"","format":"standard","meta":{"footnotes":""},"categories":[2275,311],"tags":[2223,2228,2218,1100,2367,2370,2366,2368,2371,2369],"quellen":[326],"class_list":["post-7140","post","type-post","status-publish","format-standard","hentry","category-corona-krise","category-wirtschaft","tag-coronavirus","tag-coronavirus-krise","tag-covid-19-krise","tag-hauptausschuss","tag-institut-der-deutschen-wirtschaft","tag-konjunkturabschwung","tag-regionalranking","tag-staedteranking-2019","tag-wirtschaftliche-entwicklung","tag-wirtschaftskrise","quellen-spd-fraktion-oberhausen"],"_links":{"self":[{"href":"https:\/\/meier-gerdingh.de\/wp-spd-ob\/wp-json\/wp\/v2\/posts\/7140","targetHints":{"allow":["GET"]}}],"collection":[{"href":"https:\/\/meier-gerdingh.de\/wp-spd-ob\/wp-json\/wp\/v2\/posts"}],"about":[{"href":"https:\/\/meier-gerdingh.de\/wp-spd-ob\/wp-json\/wp\/v2\/types\/post"}],"author":[{"embeddable":true,"href":"https:\/\/meier-gerdingh.de\/wp-spd-ob\/wp-json\/wp\/v2\/users\/1"}],"replies":[{"embeddable":true,"href":"https:\/\/meier-gerdingh.de\/wp-spd-ob\/wp-json\/wp\/v2\/comments?post=7140"}],"version-history":[{"count":0,"href":"https:\/\/meier-gerdingh.de\/wp-spd-ob\/wp-json\/wp\/v2\/posts\/7140\/revisions"}],"wp:attachment":[{"href":"https:\/\/meier-gerdingh.de\/wp-spd-ob\/wp-json\/wp\/v2\/media?parent=7140"}],"wp:term":[{"taxonomy":"category","embeddable":true,"href":"https:\/\/meier-gerdingh.de\/wp-spd-ob\/wp-json\/wp\/v2\/categories?post=7140"},{"taxonomy":"post_tag","embeddable":true,"href":"https:\/\/meier-gerdingh.de\/wp-spd-ob\/wp-json\/wp\/v2\/tags?post=7140"},{"taxonomy":"quellen","embeddable":true,"href":"https:\/\/meier-gerdingh.de\/wp-spd-ob\/wp-json\/wp\/v2\/quellen?post=7140"}],"curies":[{"name":"wp","href":"https:\/\/api.w.org\/{rel}","templated":true}]}}