{"id":7144,"date":"2020-06-15T12:30:43","date_gmt":"2020-06-15T10:30:43","guid":{"rendered":"https:\/\/meier-gerdingh.de\/wp-spd-ob\/?p=7144"},"modified":"2020-06-15T16:34:22","modified_gmt":"2020-06-15T14:34:22","slug":"spd-schickt-thorsten-berg-ins-ob-rennen","status":"publish","type":"post","link":"https:\/\/meier-gerdingh.de\/wp-spd-ob\/2020\/06\/15\/spd-schickt-thorsten-berg-ins-ob-rennen\/","title":{"rendered":"SPD schickt Thorsten Berg ins OB-Rennen"},"content":{"rendered":"<div id=\"attachment_7142\" style=\"width: 730px\" class=\"wp-caption aligncenter\"><a href=\"https:\/\/meier-gerdingh.de\/wp-spd-ob\/wp-content\/uploads\/2020\/06\/spd-ob-nominiert-thorsten-berg-lg.jpg\"><img aria-describedby=\"caption-attachment-7142\" decoding=\"async\" class=\"size-full wp-image-7142\" src=\"https:\/\/meier-gerdingh.de\/wp-spd-ob\/wp-content\/uploads\/2020\/06\/spd-ob-nominiert-thorsten-berg.jpg\" alt=\"\" width=\"720\" height=\"320\" srcset=\"https:\/\/meier-gerdingh.de\/wp-spd-ob\/wp-content\/uploads\/2020\/06\/spd-ob-nominiert-thorsten-berg.jpg 720w, https:\/\/meier-gerdingh.de\/wp-spd-ob\/wp-content\/uploads\/2020\/06\/spd-ob-nominiert-thorsten-berg-300x133.jpg 300w\" sizes=\"(max-width: 720px) 100vw, 720px\" \/><\/a><p id=\"caption-attachment-7142\" class=\"wp-caption-text\">Die Bezirksb\u00fcrgermeister von Sterkrade und Osterfeld, Ulrich &#8222;Uli&#8220; Real (links) und Thomas Krey (rechts), mit dem OB-Kandidaten Thorsten Berg und der Vorsitzenden der SPD-Ratsfraktion Sonja Bongers MdL<\/p><\/div>\n<p>Nun ist es offiziell: Thorsten Berg wird f\u00fcr Oberhausens SPD ins Rennen um den Oberb\u00fcrgermeister-Posten gehen. Mit 95,8 Prozent haben die Delegierten der sieben Oberhausener Ortsvereine den Leiter der Sparkassen-Filiale in Sterkrade zum Herausforderer des CDU-Oberb\u00fcrgermeisters Daniel Schranz gek\u00fcrt. Mit einer begeisternden Rede hatte Berg zuvor um die Stimmen der Ortsvereinsvertreterinnen und -vertreter geworben.<!--more--><\/p>\n<p>In seiner Rede ging Berg vor allem die Wirtschaftspolitik des aktuellen Amtsinhabers scharf an. Daniel Schranz habe von der weltwirtschaftlich guten Lage der vergangenen Jahre profitiert, ohne jedoch eigene Akzente setzen zu k\u00f6nnen.<\/p>\n<p>So sei die Zahl der sozialversicherungspflichtigen Besch\u00e4ftigungsverh\u00e4ltnisse in Oberhausen von 2015 bis 2019 zwar um 2,5 Prozent gestiegen, dies bleibe aber deutlich hinter der Entwicklung in anderen Ruhrgebietskommunen zur\u00fcck. &#8222;Wir liegen sogar weit abgeschlagen hinter Herne, hinter Gelsenkirchen!&#8220;, so Berg.<\/p>\n<p>Neben der Wirtschaftspolitik ging Berg auch mit der Verkehrspolitik hart ins Gericht. &#8222;Wer k\u00fcmmert sich eigentlich um das Chaos bei der Verkehrsplanung? Offenbar niemand&#8220;, beanstandete der OB-Kandidat, der zur Entspannung der Verkehrssituation in der Neuen Mitte eine Seilbahnverbindung zwischen dem Stadion Niederrhein um dem Stahlwerksgel\u00e4nde vorschlug. Wer dies als Hirngespinst abtue, d\u00fcrfte &#8222;\u00fcber die Trasse vor vielen Jahren \u00e4hnlich gedacht haben&#8220;, vermutete Berg.<\/p>\n<p>Am Ende seiner Rede spendeten die Delegierten ihrem Kandidaten zun\u00e4chst langen Applaus und dann schlie\u00dflich ein starkes Wahlergebnis.<\/p>\n<p>Oberhausens SPD bewies an diesem Tag in der Luise-Albertz-Halle generell einen hohen Grad an Geschlossenheit, dies zeigte sich bei der Diskussion des Kommunalwahlprogrammentwurfs, der das Ergebnis eines einj\u00e4hrigen Diskussionsprozesses gewesen ist, wie auch bei der Aufstellung der Kandidatinnen und Kandidaten f\u00fcr Rat und Bezirksvertretungen. So waren 100-Prozent-Ergebnisse bei zahlreichen Wahlbezirks- und Listenkandidaten keine Seltenheit.<\/p>\n","protected":false},"excerpt":{"rendered":"<p>Nun ist es offiziell: Thorsten Berg wird f\u00fcr Oberhausens SPD ins Rennen um den Oberb\u00fcrgermeister-Posten gehen. Mit 95,8 Prozent haben die Delegierten der sieben Oberhausener Ortsvereine den Leiter der Sparkassen-Filiale&hellip; <\/p>\n","protected":false},"author":1,"featured_media":0,"comment_status":"closed","ping_status":"closed","sticky":false,"template":"","format":"standard","meta":{"footnotes":""},"categories":[178],"tags":[790,105,251,299,2372],"quellen":[327],"class_list":["post-7144","post","type-post","status-publish","format-standard","hentry","category-wahlen","tag-kandidatenaufstellung","tag-kommunalwahlprogramm","tag-ob-kandidat","tag-oberbuergermeister-kandidat","tag-vertreterversammlung-kommunalwahl-2020","quellen-spd-unterbezirk-oberhausen"],"_links":{"self":[{"href":"https:\/\/meier-gerdingh.de\/wp-spd-ob\/wp-json\/wp\/v2\/posts\/7144","targetHints":{"allow":["GET"]}}],"collection":[{"href":"https:\/\/meier-gerdingh.de\/wp-spd-ob\/wp-json\/wp\/v2\/posts"}],"about":[{"href":"https:\/\/meier-gerdingh.de\/wp-spd-ob\/wp-json\/wp\/v2\/types\/post"}],"author":[{"embeddable":true,"href":"https:\/\/meier-gerdingh.de\/wp-spd-ob\/wp-json\/wp\/v2\/users\/1"}],"replies":[{"embeddable":true,"href":"https:\/\/meier-gerdingh.de\/wp-spd-ob\/wp-json\/wp\/v2\/comments?post=7144"}],"version-history":[{"count":0,"href":"https:\/\/meier-gerdingh.de\/wp-spd-ob\/wp-json\/wp\/v2\/posts\/7144\/revisions"}],"wp:attachment":[{"href":"https:\/\/meier-gerdingh.de\/wp-spd-ob\/wp-json\/wp\/v2\/media?parent=7144"}],"wp:term":[{"taxonomy":"category","embeddable":true,"href":"https:\/\/meier-gerdingh.de\/wp-spd-ob\/wp-json\/wp\/v2\/categories?post=7144"},{"taxonomy":"post_tag","embeddable":true,"href":"https:\/\/meier-gerdingh.de\/wp-spd-ob\/wp-json\/wp\/v2\/tags?post=7144"},{"taxonomy":"quellen","embeddable":true,"href":"https:\/\/meier-gerdingh.de\/wp-spd-ob\/wp-json\/wp\/v2\/quellen?post=7144"}],"curies":[{"name":"wp","href":"https:\/\/api.w.org\/{rel}","templated":true}]}}