{"id":715,"date":"2009-07-31T16:00:00","date_gmt":"2009-07-31T14:00:00","guid":{"rendered":"http:\/\/www.meier-gerdingh.de\/spd-oberhausen\/wp\/?p=715"},"modified":"2017-05-16T17:31:13","modified_gmt":"2017-05-16T15:31:13","slug":"energetische-sanierung-am-beispiel-des-hans-sachs-berufskollegs","status":"publish","type":"post","link":"https:\/\/meier-gerdingh.de\/wp-spd-ob\/2009\/07\/31\/energetische-sanierung-am-beispiel-des-hans-sachs-berufskollegs\/","title":{"rendered":"Energetische Sanierung am Beispiel des Hans-Sachs-Berufskollegs"},"content":{"rendered":"<p>Die energetische Sanierung \u00f6ffentlicher Geb\u00e4ude erh\u00e4lt eine immer gr\u00f6\u00dfere Bedeutung. Sie ist zum Einen ein wichtiger Beitrag zur Reduzierung von Treibhausgasen und f\u00fchrt durch sinkende Energiekosten zu einer Entlastung des Haushaltes. Deshalb sind Ma\u00dfnahmen zur energetischen Sanierung seit langem ein wichtiger Bestandteil st\u00e4dtischer Sanierungsprogramme. Nun ist es gelungen, ein herausragendes Projekt zur energetischen Sanierung am Hans-Sachs-Besuchskolleg auf den Weg zu bringen. Dieses Projekt, an dessen Durchf\u00fchrung die Schule in besonderem Ma\u00dfe beteiligt ist, wird bei diesem Termin erl\u00e4utert und diskutiert.<!--more--><\/p>\n<p><b>Referenten:<\/b> Marc B\u00fccker (Leiter des Hans-Sachs-Berufskolleg) und Horst Kalthof (OGM GmbH)<\/p>\n<p><b>Datum:<\/b> Mittwoch, 5. August 2009, 16.30 Uhr<\/p>\n<p><b>Treffpunkt:<\/b> Hans-Sachs-Berufskolleg, Am F\u00f6rderturm 5<\/p>\n<p>Die Leitung dieses Termins \u00fcbernehmen der Vorsitzende der SPD-Ratsfraktion, Wolfgang Gro\u00dfe Br\u00f6mer, und der Leiter des Arbeitskreises Schule, Stefan Zimkeit.<\/p>\n","protected":false},"excerpt":{"rendered":"<p>Die energetische Sanierung \u00f6ffentlicher Geb\u00e4ude erh\u00e4lt eine immer gr\u00f6\u00dfere Bedeutung. Sie ist zum Einen ein wichtiger Beitrag zur Reduzierung von Treibhausgasen und f\u00fchrt durch sinkende Energiekosten zu einer Entlastung des&hellip; <\/p>\n","protected":false},"author":1,"featured_media":0,"comment_status":"closed","ping_status":"closed","sticky":false,"template":"","format":"standard","meta":{"footnotes":""},"categories":[1],"tags":[],"quellen":[],"class_list":["post-715","post","type-post","status-publish","format-standard","hentry","category-allgemein"],"_links":{"self":[{"href":"https:\/\/meier-gerdingh.de\/wp-spd-ob\/wp-json\/wp\/v2\/posts\/715","targetHints":{"allow":["GET"]}}],"collection":[{"href":"https:\/\/meier-gerdingh.de\/wp-spd-ob\/wp-json\/wp\/v2\/posts"}],"about":[{"href":"https:\/\/meier-gerdingh.de\/wp-spd-ob\/wp-json\/wp\/v2\/types\/post"}],"author":[{"embeddable":true,"href":"https:\/\/meier-gerdingh.de\/wp-spd-ob\/wp-json\/wp\/v2\/users\/1"}],"replies":[{"embeddable":true,"href":"https:\/\/meier-gerdingh.de\/wp-spd-ob\/wp-json\/wp\/v2\/comments?post=715"}],"version-history":[{"count":0,"href":"https:\/\/meier-gerdingh.de\/wp-spd-ob\/wp-json\/wp\/v2\/posts\/715\/revisions"}],"wp:attachment":[{"href":"https:\/\/meier-gerdingh.de\/wp-spd-ob\/wp-json\/wp\/v2\/media?parent=715"}],"wp:term":[{"taxonomy":"category","embeddable":true,"href":"https:\/\/meier-gerdingh.de\/wp-spd-ob\/wp-json\/wp\/v2\/categories?post=715"},{"taxonomy":"post_tag","embeddable":true,"href":"https:\/\/meier-gerdingh.de\/wp-spd-ob\/wp-json\/wp\/v2\/tags?post=715"},{"taxonomy":"quellen","embeddable":true,"href":"https:\/\/meier-gerdingh.de\/wp-spd-ob\/wp-json\/wp\/v2\/quellen?post=715"}],"curies":[{"name":"wp","href":"https:\/\/api.w.org\/{rel}","templated":true}]}}