{"id":7154,"date":"2020-06-18T17:42:42","date_gmt":"2020-06-18T15:42:42","guid":{"rendered":"https:\/\/meier-gerdingh.de\/wp-spd-ob\/?p=7154"},"modified":"2020-06-18T17:42:42","modified_gmt":"2020-06-18T15:42:42","slug":"ob-kandidat-thorsten-berg-live-im-internet","status":"publish","type":"post","link":"https:\/\/meier-gerdingh.de\/wp-spd-ob\/2020\/06\/18\/ob-kandidat-thorsten-berg-live-im-internet\/","title":{"rendered":"OB-Kandidat Thorsten Berg live im Internet"},"content":{"rendered":"<div id=\"attachment_7152\" style=\"width: 730px\" class=\"wp-caption aligncenter\"><a href=\"https:\/\/meier-gerdingh.de\/wp-spd-ob\/wp-content\/uploads\/2020\/06\/thorsten-berg-axel-scherer-lg.jpg\"><img aria-describedby=\"caption-attachment-7152\" decoding=\"async\" class=\"size-full wp-image-7152\" src=\"https:\/\/meier-gerdingh.de\/wp-spd-ob\/wp-content\/uploads\/2020\/06\/thorsten-berg-axel-scherer.jpg\" alt=\"\" width=\"720\" height=\"405\" srcset=\"https:\/\/meier-gerdingh.de\/wp-spd-ob\/wp-content\/uploads\/2020\/06\/thorsten-berg-axel-scherer.jpg 720w, https:\/\/meier-gerdingh.de\/wp-spd-ob\/wp-content\/uploads\/2020\/06\/thorsten-berg-axel-scherer-300x169.jpg 300w\" sizes=\"(max-width: 720px) 100vw, 720px\" \/><\/a><p id=\"caption-attachment-7152\" class=\"wp-caption-text\">SPD-OB-Kandidat Thorsten Berg ist am Sonntag zu Gast in der Internet-Live-Sendung von Axel Scherer<\/p><\/div>\n<p>Thorsten Berg, Kandidat der Oberhausener SPD f\u00fcr das Amt des Oberb\u00fcrgermeisters, kann sich \u00fcber mangelnde Medienpr\u00e4senz in den vergangen Tagen nicht beschweren: Gab es von der einen Seite Lob, so prasselte ebenso erwartbar wie heftig die Kritik des politischen Gegners auf den Leiter der Sparkassen-Filiale in Sterkrade ein, selbst der Sparkassen-Vorstand sah sich zu einer \u00f6ffentlichen Positionierung gen\u00f6tigt.<\/p>\n<p>Wer sich nun selbst ein Bild von <a href=\"http:\/\/www.thorsten-berg-2020.de\/\">Thorsten Berg<\/a> machen will, hat am <strong>Sonntag, 21. Juni, um 17 Uhr<\/strong> dazu Gelegenheit: <strong>Axel J. Scherer<\/strong>, SPD-Ratskandidat im Wahlkreis Stadtmitte-Nord, bittet zum zweiten Mal zu seiner <strong>interaktiven Live-Sendung<\/strong>, die \u00fcber seinen <a href=\"https:\/\/www.facebook.com\/AxelJScherer\/\">Facebook-<\/a> und <a href=\"https:\/\/youtu.be\/6my8sjziE_w\">Youtube<\/a>-Auftritt ausgestrahlt wird.<!--more--><\/p>\n<p>&#8222;Ich freue mich sehr auf das Gespr\u00e4ch, in dem wir \u00fcber unser Programm und die gemeinsame Zusammenarbeit sprechen wollen&#8220;, so Scherer.<\/p>\n<p>Dabei will der Vorsitzende des SPD-Ortsvereins Mitte nicht nur mit dem OB-Kandidaten ins Gespr\u00e4ch kommen, sondern auch die M\u00f6glichkeiten der Interaktivit\u00e4t seiner Kan\u00e4le nutzen:<\/p>\n<p>Zuschauerinnen und Zuschauer k\u00f6nnen sich \u00fcber die Kommentarfunktion an der Diskussion beteiligen und den beiden Kommunalpolitikern auch Fragen stellen, die dann gleich in der Sendung beantwortet werden.<\/p>\n<p>Zur Sendung via Internet gelangen interessierte Zuschauerinnen und Zuschauer \u00fcber<\/p>\n<p><a href=\"https:\/\/www.facebook.com\/AxelJScherer\/\">https:\/\/www.facebook.com\/AxelJScherer\/<\/a><\/p>\n<p>oder<\/p>\n<p><a href=\"https:\/\/youtu.be\/6my8sjziE_w\">https:\/\/youtu.be\/6my8sjziE_w<\/a>.<\/p>\n<p>Wer in den Suchfeldern von &#8222;Youtube&#8220; bzw. &#8222;Facebook&#8220; nach &#8222;Axel J Scherer&#8220; sucht, wird nat\u00fcrlich auch f\u00fcndig.<\/p>\n","protected":false},"excerpt":{"rendered":"<p>Thorsten Berg, Kandidat der Oberhausener SPD f\u00fcr das Amt des Oberb\u00fcrgermeisters, kann sich \u00fcber mangelnde Medienpr\u00e4senz in den vergangen Tagen nicht beschweren: Gab es von der einen Seite Lob, so&hellip; <\/p>\n","protected":false},"author":1,"featured_media":0,"comment_status":"closed","ping_status":"closed","sticky":false,"template":"","format":"standard","meta":{"footnotes":""},"categories":[178],"tags":[2373,2375,2037,251,299,2323,2374],"quellen":[333],"class_list":["post-7154","post","type-post","status-publish","format-standard","hentry","category-wahlen","tag-facebook","tag-internet-live-sendung","tag-kommunalwahl-2020","tag-ob-kandidat","tag-oberbuergermeister-kandidat","tag-thorsten-berg","tag-youtube","quellen-ov-mitte"],"_links":{"self":[{"href":"https:\/\/meier-gerdingh.de\/wp-spd-ob\/wp-json\/wp\/v2\/posts\/7154","targetHints":{"allow":["GET"]}}],"collection":[{"href":"https:\/\/meier-gerdingh.de\/wp-spd-ob\/wp-json\/wp\/v2\/posts"}],"about":[{"href":"https:\/\/meier-gerdingh.de\/wp-spd-ob\/wp-json\/wp\/v2\/types\/post"}],"author":[{"embeddable":true,"href":"https:\/\/meier-gerdingh.de\/wp-spd-ob\/wp-json\/wp\/v2\/users\/1"}],"replies":[{"embeddable":true,"href":"https:\/\/meier-gerdingh.de\/wp-spd-ob\/wp-json\/wp\/v2\/comments?post=7154"}],"version-history":[{"count":0,"href":"https:\/\/meier-gerdingh.de\/wp-spd-ob\/wp-json\/wp\/v2\/posts\/7154\/revisions"}],"wp:attachment":[{"href":"https:\/\/meier-gerdingh.de\/wp-spd-ob\/wp-json\/wp\/v2\/media?parent=7154"}],"wp:term":[{"taxonomy":"category","embeddable":true,"href":"https:\/\/meier-gerdingh.de\/wp-spd-ob\/wp-json\/wp\/v2\/categories?post=7154"},{"taxonomy":"post_tag","embeddable":true,"href":"https:\/\/meier-gerdingh.de\/wp-spd-ob\/wp-json\/wp\/v2\/tags?post=7154"},{"taxonomy":"quellen","embeddable":true,"href":"https:\/\/meier-gerdingh.de\/wp-spd-ob\/wp-json\/wp\/v2\/quellen?post=7154"}],"curies":[{"name":"wp","href":"https:\/\/api.w.org\/{rel}","templated":true}]}}