{"id":7155,"date":"2020-06-18T17:06:47","date_gmt":"2020-06-18T15:06:47","guid":{"rendered":"https:\/\/meier-gerdingh.de\/wp-spd-ob\/?p=7155"},"modified":"2020-06-18T19:10:55","modified_gmt":"2020-06-18T17:10:55","slug":"wir-brauchen-passgenaue-hilfen-fuer-die-veranstaltungsbranche","status":"publish","type":"post","link":"https:\/\/meier-gerdingh.de\/wp-spd-ob\/2020\/06\/18\/wir-brauchen-passgenaue-hilfen-fuer-die-veranstaltungsbranche\/","title":{"rendered":"Wir brauchen passgenaue Hilfen f\u00fcr die Veranstaltungsbranche"},"content":{"rendered":"<div id=\"attachment_5285\" style=\"width: 190px\" class=\"wp-caption alignleft\"><a href=\"https:\/\/meier-gerdingh.de\/wp-spd-ob\/wp-content\/uploads\/2018\/06\/14_bongers_sonja_1000.jpg\"><img aria-describedby=\"caption-attachment-5285\" decoding=\"async\" class=\"size-full wp-image-5285\" src=\"https:\/\/meier-gerdingh.de\/wp-spd-ob\/wp-content\/uploads\/2018\/06\/14_bongers_sonja.jpg\" alt=\"\" width=\"180\" height=\"180\" srcset=\"https:\/\/meier-gerdingh.de\/wp-spd-ob\/wp-content\/uploads\/2018\/06\/14_bongers_sonja.jpg 180w, https:\/\/meier-gerdingh.de\/wp-spd-ob\/wp-content\/uploads\/2018\/06\/14_bongers_sonja-150x150.jpg 150w\" sizes=\"(max-width: 180px) 100vw, 180px\" \/><\/a><p id=\"caption-attachment-5285\" class=\"wp-caption-text\">Sonja Bongers ist Vorsitzende der SPD-Ratsfraktion und Mitglied des Landtags von Nordrhein-Westfalen<\/p><\/div>\n<p><em>Die Folgen der Corona-Pandemie f\u00fcr die Veranstaltungsbranche sind existenzbedrohend. Dazu erkl\u00e4rt die Landtagsabgeordnete Sonja Bongers:<\/em><\/p>\n<p>&#8222;Unser kulturelles Leben lebt vom Besuch sch\u00f6ner Veranstaltungen. Wie bunt unterschiedliche Angebote unser Leben gemacht haben, ist nach Monaten ohne Pr\u00e4senzzusammenk\u00fcnfte mittlerweile vielen Menschen schmerzlich bewusst&#8220;, bedauert die Landtagsabgeordnete Sonja Bongers (SPD).<\/p>\n<p>Da auf Grund der Corona-Krise die allermeisten Veranstaltungen abgesagt wurden, leidet die Veranstaltungsbranche massiv und existenzbedrohlich. Bei diesen Unternehmen handelt es sich nicht nur um ein kulturell vielf\u00e4ltiges und bereicherndes Gesch\u00e4ft, sondern auch um eine milliardenschwere, extrem heterogene Industrie, die viele Arbeitspl\u00e4tze zur Verf\u00fcgung stellt.<!--more--><\/p>\n<p>&#8222;Es braucht hier dringend einen Branchendialog zwischen der Politik und unterschiedlichen Vertretern dieses Handwerks, damit passgenaue L\u00f6sungen gefunden werden k\u00f6nnen, um Unternehmen zu unterst\u00fctzen. Das ist wichtig, damit auch nach der Krise der Besuch von Veranstaltungen m\u00f6glich sein wird&#8220;, fordert Bongers. &#8222;Denn leider lassen sich einmal kaputt gegangene Strukturen nicht so einfach wieder aufbauen. Wer einmal vom Markt weg ist, ist in der Regel dauerhaft weg.&#8220;<\/p>\n","protected":false},"excerpt":{"rendered":"<p>Die Folgen der Corona-Pandemie f\u00fcr die Veranstaltungsbranche sind existenzbedrohend. Dazu erkl\u00e4rt die Landtagsabgeordnete Sonja Bongers: &#8222;Unser kulturelles Leben lebt vom Besuch sch\u00f6ner Veranstaltungen. Wie bunt unterschiedliche Angebote unser Leben gemacht&hellip; <\/p>\n","protected":false},"author":1,"featured_media":0,"comment_status":"closed","ping_status":"closed","sticky":false,"template":"","format":"standard","meta":{"footnotes":""},"categories":[2275,311],"tags":[34,2377,2376],"quellen":[1317],"class_list":["post-7155","post","type-post","status-publish","format-standard","hentry","category-corona-krise","category-wirtschaft","tag-arbeitsplaetze","tag-veranstaltungen","tag-veranstaltungsbranche","quellen-mdl-sonja-bongers"],"_links":{"self":[{"href":"https:\/\/meier-gerdingh.de\/wp-spd-ob\/wp-json\/wp\/v2\/posts\/7155","targetHints":{"allow":["GET"]}}],"collection":[{"href":"https:\/\/meier-gerdingh.de\/wp-spd-ob\/wp-json\/wp\/v2\/posts"}],"about":[{"href":"https:\/\/meier-gerdingh.de\/wp-spd-ob\/wp-json\/wp\/v2\/types\/post"}],"author":[{"embeddable":true,"href":"https:\/\/meier-gerdingh.de\/wp-spd-ob\/wp-json\/wp\/v2\/users\/1"}],"replies":[{"embeddable":true,"href":"https:\/\/meier-gerdingh.de\/wp-spd-ob\/wp-json\/wp\/v2\/comments?post=7155"}],"version-history":[{"count":0,"href":"https:\/\/meier-gerdingh.de\/wp-spd-ob\/wp-json\/wp\/v2\/posts\/7155\/revisions"}],"wp:attachment":[{"href":"https:\/\/meier-gerdingh.de\/wp-spd-ob\/wp-json\/wp\/v2\/media?parent=7155"}],"wp:term":[{"taxonomy":"category","embeddable":true,"href":"https:\/\/meier-gerdingh.de\/wp-spd-ob\/wp-json\/wp\/v2\/categories?post=7155"},{"taxonomy":"post_tag","embeddable":true,"href":"https:\/\/meier-gerdingh.de\/wp-spd-ob\/wp-json\/wp\/v2\/tags?post=7155"},{"taxonomy":"quellen","embeddable":true,"href":"https:\/\/meier-gerdingh.de\/wp-spd-ob\/wp-json\/wp\/v2\/quellen?post=7155"}],"curies":[{"name":"wp","href":"https:\/\/api.w.org\/{rel}","templated":true}]}}