{"id":7162,"date":"2020-06-26T21:13:11","date_gmt":"2020-06-26T19:13:11","guid":{"rendered":"https:\/\/meier-gerdingh.de\/wp-spd-ob\/?p=7162"},"modified":"2020-06-26T21:15:02","modified_gmt":"2020-06-26T19:15:02","slug":"ein-klares-bekenntnis-zur-europaeischen-union","status":"publish","type":"post","link":"https:\/\/meier-gerdingh.de\/wp-spd-ob\/2020\/06\/26\/ein-klares-bekenntnis-zur-europaeischen-union\/","title":{"rendered":"Ein klares Bekenntnis zur Europ\u00e4ischen Union"},"content":{"rendered":"<div id=\"attachment_5285\" style=\"width: 190px\" class=\"wp-caption alignleft\"><a href=\"https:\/\/meier-gerdingh.de\/wp-spd-ob\/wp-content\/uploads\/2018\/06\/14_bongers_sonja_1000.jpg\"><img aria-describedby=\"caption-attachment-5285\" decoding=\"async\" class=\"size-full wp-image-5285\" src=\"https:\/\/meier-gerdingh.de\/wp-spd-ob\/wp-content\/uploads\/2018\/06\/14_bongers_sonja.jpg\" alt=\"\" width=\"180\" height=\"180\" srcset=\"https:\/\/meier-gerdingh.de\/wp-spd-ob\/wp-content\/uploads\/2018\/06\/14_bongers_sonja.jpg 180w, https:\/\/meier-gerdingh.de\/wp-spd-ob\/wp-content\/uploads\/2018\/06\/14_bongers_sonja-150x150.jpg 150w\" sizes=\"(max-width: 180px) 100vw, 180px\" \/><\/a><p id=\"caption-attachment-5285\" class=\"wp-caption-text\">Sonja Bongers ist Vorsitzende der SPD-Ratsfraktion und Mitglied des Landtags von Nordrhein-Westfalen<\/p><\/div>\n<p>&#8222;F\u00fcr die Bew\u00e4ltigung einer Krise, wie wir sie mit Corona gerade durchmachen, ist europ\u00e4ischer Zusammenhalt entscheidend&#8220;, findet die Landtagsabgeordnete Sonja Bongers (SPD), die auch rechtspolitische Sprecherin ihrer Fraktion ist.<\/p>\n<p>Aus diesem Grund hat sich ihre Fraktion f\u00fcr ein Europabekenntnis in der nordrhein-westf\u00e4lischen Landesverfassung eingesetzt. Tragischerweise m\u00fcssen wir erleben, dass 75 Jahre nach dem Ende des Zweiten Weltkrieges Nationalisten sich wieder als politische Kraft zu etablieren suchen. Dabei hat uns die Integration in eine europ\u00e4ische Gemeinschaft, den Frieden und den wirtschaftlichen Fortschritt gebracht, den wir seitdem genie\u00dfen durften.<!--more--><\/p>\n<p>Aus dem Leben der B\u00fcrgerinnen und B\u00fcrger sowie aus der Landespolitik ist die Europ\u00e4ische Union nicht mehr wegzudenken. Schlagb\u00e4ume an Grenzen und einen W\u00e4hrungswechsel kennen junge Leute gar nicht mehr. Und: zwischen 2014 und 2020 sind etwa 2,4 Milliarden Euro Strukturf\u00f6rdermittel nach NRW geflossen. Dar\u00fcber hinaus stellt der europ\u00e4ische Binnenmarkt im internationalen Handel ein echter Wettbewerbsvorteil dar.<\/p>\n<p>&#8222;Damit die EU eine unverr\u00fcckbare Gr\u00f6\u00dfe zum Nutzen aller bleibt, halte ich es als Rechtspolitikerin f\u00fcr ein wichtiges Signal, ein Europabekenntnis in der Landesverfassung zu haben. Aus diesem Grund freut es mich sehr, dass der Landtag in seiner heutigen Sitzung dieses Bekenntnis 70 Jahre nach Inkrafttreten der Landesverfassung mit einer 2\/3 Mehrheit beschlossen hat&#8220;, meint Bongers begeistert.<\/p>\n","protected":false},"excerpt":{"rendered":"<p>&#8222;F\u00fcr die Bew\u00e4ltigung einer Krise, wie wir sie mit Corona gerade durchmachen, ist europ\u00e4ischer Zusammenhalt entscheidend&#8220;, findet die Landtagsabgeordnete Sonja Bongers (SPD), die auch rechtspolitische Sprecherin ihrer Fraktion ist. Aus&hellip; <\/p>\n","protected":false},"author":1,"featured_media":0,"comment_status":"closed","ping_status":"closed","sticky":false,"template":"","format":"standard","meta":{"footnotes":""},"categories":[181,216],"tags":[2394,1863,2393,2395,1864,2392,219],"quellen":[1317],"class_list":["post-7162","post","type-post","status-publish","format-standard","hentry","category-europa","category-land","tag-deutsche-ratspraesidentschaft-eu","tag-eu","tag-eu-foerdermittel","tag-europabekenntnis","tag-europaeische-union","tag-landesverfassung-nrw","tag-landtag-nrw","quellen-mdl-sonja-bongers"],"_links":{"self":[{"href":"https:\/\/meier-gerdingh.de\/wp-spd-ob\/wp-json\/wp\/v2\/posts\/7162","targetHints":{"allow":["GET"]}}],"collection":[{"href":"https:\/\/meier-gerdingh.de\/wp-spd-ob\/wp-json\/wp\/v2\/posts"}],"about":[{"href":"https:\/\/meier-gerdingh.de\/wp-spd-ob\/wp-json\/wp\/v2\/types\/post"}],"author":[{"embeddable":true,"href":"https:\/\/meier-gerdingh.de\/wp-spd-ob\/wp-json\/wp\/v2\/users\/1"}],"replies":[{"embeddable":true,"href":"https:\/\/meier-gerdingh.de\/wp-spd-ob\/wp-json\/wp\/v2\/comments?post=7162"}],"version-history":[{"count":0,"href":"https:\/\/meier-gerdingh.de\/wp-spd-ob\/wp-json\/wp\/v2\/posts\/7162\/revisions"}],"wp:attachment":[{"href":"https:\/\/meier-gerdingh.de\/wp-spd-ob\/wp-json\/wp\/v2\/media?parent=7162"}],"wp:term":[{"taxonomy":"category","embeddable":true,"href":"https:\/\/meier-gerdingh.de\/wp-spd-ob\/wp-json\/wp\/v2\/categories?post=7162"},{"taxonomy":"post_tag","embeddable":true,"href":"https:\/\/meier-gerdingh.de\/wp-spd-ob\/wp-json\/wp\/v2\/tags?post=7162"},{"taxonomy":"quellen","embeddable":true,"href":"https:\/\/meier-gerdingh.de\/wp-spd-ob\/wp-json\/wp\/v2\/quellen?post=7162"}],"curies":[{"name":"wp","href":"https:\/\/api.w.org\/{rel}","templated":true}]}}