{"id":7163,"date":"2020-06-26T21:21:17","date_gmt":"2020-06-26T19:21:17","guid":{"rendered":"https:\/\/meier-gerdingh.de\/wp-spd-ob\/?p=7163"},"modified":"2020-06-26T21:21:17","modified_gmt":"2020-06-26T19:21:17","slug":"buerger-auch-bei-radprojekten-mitnehmen","status":"publish","type":"post","link":"https:\/\/meier-gerdingh.de\/wp-spd-ob\/2020\/06\/26\/buerger-auch-bei-radprojekten-mitnehmen\/","title":{"rendered":"B\u00fcrger auch bei Radprojekten mitnehmen"},"content":{"rendered":"<div id=\"attachment_5398\" style=\"width: 190px\" class=\"wp-caption alignleft\"><a href=\"https:\/\/meier-gerdingh.de\/wp-spd-ob\/wp-content\/uploads\/2018\/07\/14_real_ulrich_1000.jpg\"><img aria-describedby=\"caption-attachment-5398\" decoding=\"async\" class=\"size-full wp-image-5398\" src=\"https:\/\/meier-gerdingh.de\/wp-spd-ob\/wp-content\/uploads\/2018\/07\/14_real_ulrich.jpg\" alt=\"\" width=\"180\" height=\"180\" srcset=\"https:\/\/meier-gerdingh.de\/wp-spd-ob\/wp-content\/uploads\/2018\/07\/14_real_ulrich.jpg 180w, https:\/\/meier-gerdingh.de\/wp-spd-ob\/wp-content\/uploads\/2018\/07\/14_real_ulrich-150x150.jpg 150w\" sizes=\"(max-width: 180px) 100vw, 180px\" \/><\/a><p id=\"caption-attachment-5398\" class=\"wp-caption-text\">Ulrich Real ist Bezirksb\u00fcrgermeister von Sterkrade und planungspolitischer Sprecher der SPD-Ratsfraktion<\/p><\/div>\n<p>Kopfsch\u00fctteln hat beim Planungspolitischen Sprecher der SPD, Ulrich Real, die Einsch\u00e4tzung des Gr\u00fcnen OB-Kandidaten Norbert Axt bez\u00fcglich der verkehrspolitischen Ausrichtung der Sozialdemokraten ausgel\u00f6st. Axt hatte in der Zeitung verlauten lassen, es nicht nachvollziehen zu k\u00f6nnen, dass die SPD Projekte zur F\u00f6rderung des Radverkehrs in Frage stelle. Gemeint waren damit die Fahrrad-Parkboxen im Bismarckviertel.<\/p>\n<p>&#8222;Entweder hat der Gr\u00fcne Kandidat unseren Erg\u00e4nzungsantrag nicht richtig gelesen, oder er will sich bei geplanten Radverkehrsma\u00dfnahmen grunds\u00e4tzlich gegen B\u00fcrgerbeteiligung aussprechen&#8220;, schlie\u00dft Real.<!--more--><\/p>\n<p>Tats\u00e4chlich hat die SPD-Fraktion in der letzten Ratssitzung die Vorlage der Verwaltung zu den Parkboxen nur um einen Satz erg\u00e4nzt, n\u00e4mlich um eine B\u00fcrgerbeteiligung bei der Auswahl der Standorte im Bismarckviertel.<\/p>\n<p>&#8222;Es ist doch sinnvoll, die Bev\u00f6lkerung bei diesen Themen einzubinden und mitzunehmen, um eine hohe Akzeptanz im Viertel zu erreichen&#8220;, erkl\u00e4rt Real. Auch bei allen weiteren Radprojekten, da ist sich der Sterkrader Bezirksb\u00fcrgermeister sicher, brauche die Stadt neben Sachverstand vom ADFC auch B\u00fcrgerbeteiligung. Und diese B\u00fcrgerbeteiligung m\u00fcsse in allen Verwaltungsvorlagen mitgedacht werden.<\/p>\n<p>Zudem macht Real noch auf ein Grundsatzproblem aufmerksam: &#8222;Wir haben immer noch kein Radwegekonzept. Das zwingt die Politik zu Einzelentscheidungen, obwohl wir Radverkehr nur im innerst\u00e4dtischen Zusammenhang denken k\u00f6nnen.&#8220;<\/p>\n<p>Nach Auskunft der Verwaltung soll das Konzept Ende des Jahres vorliegen.<\/p>\n","protected":false},"excerpt":{"rendered":"<p>Kopfsch\u00fctteln hat beim Planungspolitischen Sprecher der SPD, Ulrich Real, die Einsch\u00e4tzung des Gr\u00fcnen OB-Kandidaten Norbert Axt bez\u00fcglich der verkehrspolitischen Ausrichtung der Sozialdemokraten ausgel\u00f6st. Axt hatte in der Zeitung verlauten lassen,&hellip; <\/p>\n","protected":false},"author":1,"featured_media":0,"comment_status":"closed","ping_status":"closed","sticky":false,"template":"","format":"standard","meta":{"footnotes":""},"categories":[27],"tags":[2398,133,2399,2397,1545,1137,2396],"quellen":[326],"class_list":["post-7163","post","type-post","status-publish","format-standard","hentry","category-planen-bauen-wohnen-verkehr","tag-bismarckviertel","tag-buergerbeteiligung","tag-fahrrad-parkboxen","tag-radfahren","tag-radverkehr","tag-radwege","tag-radwegekonzept","quellen-spd-fraktion-oberhausen"],"_links":{"self":[{"href":"https:\/\/meier-gerdingh.de\/wp-spd-ob\/wp-json\/wp\/v2\/posts\/7163","targetHints":{"allow":["GET"]}}],"collection":[{"href":"https:\/\/meier-gerdingh.de\/wp-spd-ob\/wp-json\/wp\/v2\/posts"}],"about":[{"href":"https:\/\/meier-gerdingh.de\/wp-spd-ob\/wp-json\/wp\/v2\/types\/post"}],"author":[{"embeddable":true,"href":"https:\/\/meier-gerdingh.de\/wp-spd-ob\/wp-json\/wp\/v2\/users\/1"}],"replies":[{"embeddable":true,"href":"https:\/\/meier-gerdingh.de\/wp-spd-ob\/wp-json\/wp\/v2\/comments?post=7163"}],"version-history":[{"count":0,"href":"https:\/\/meier-gerdingh.de\/wp-spd-ob\/wp-json\/wp\/v2\/posts\/7163\/revisions"}],"wp:attachment":[{"href":"https:\/\/meier-gerdingh.de\/wp-spd-ob\/wp-json\/wp\/v2\/media?parent=7163"}],"wp:term":[{"taxonomy":"category","embeddable":true,"href":"https:\/\/meier-gerdingh.de\/wp-spd-ob\/wp-json\/wp\/v2\/categories?post=7163"},{"taxonomy":"post_tag","embeddable":true,"href":"https:\/\/meier-gerdingh.de\/wp-spd-ob\/wp-json\/wp\/v2\/tags?post=7163"},{"taxonomy":"quellen","embeddable":true,"href":"https:\/\/meier-gerdingh.de\/wp-spd-ob\/wp-json\/wp\/v2\/quellen?post=7163"}],"curies":[{"name":"wp","href":"https:\/\/api.w.org\/{rel}","templated":true}]}}