{"id":7169,"date":"2020-07-03T13:22:15","date_gmt":"2020-07-03T11:22:15","guid":{"rendered":"https:\/\/meier-gerdingh.de\/wp-spd-ob\/?p=7169"},"modified":"2020-07-04T13:32:31","modified_gmt":"2020-07-04T11:32:31","slug":"wappenplatz-ist-wieder-in-schuss","status":"publish","type":"post","link":"https:\/\/meier-gerdingh.de\/wp-spd-ob\/2020\/07\/03\/wappenplatz-ist-wieder-in-schuss\/","title":{"rendered":"Wappenplatz ist wieder in Schuss"},"content":{"rendered":"<div id=\"attachment_5424\" style=\"width: 190px\" class=\"wp-caption alignleft\"><a href=\"https:\/\/meier-gerdingh.de\/wp-spd-ob\/wp-content\/uploads\/2018\/07\/14_jacobs_silke_1000.jpg\"><img aria-describedby=\"caption-attachment-5424\" decoding=\"async\" class=\"size-full wp-image-5424\" src=\"https:\/\/meier-gerdingh.de\/wp-spd-ob\/wp-content\/uploads\/2018\/07\/14_jacobs_silke.jpg\" alt=\"\" width=\"180\" height=\"180\" srcset=\"https:\/\/meier-gerdingh.de\/wp-spd-ob\/wp-content\/uploads\/2018\/07\/14_jacobs_silke.jpg 180w, https:\/\/meier-gerdingh.de\/wp-spd-ob\/wp-content\/uploads\/2018\/07\/14_jacobs_silke-150x150.jpg 150w\" sizes=\"(max-width: 180px) 100vw, 180px\" \/><\/a><p id=\"caption-attachment-5424\" class=\"wp-caption-text\">Silke Jacobs ist Sprecherin der SPD in der Bezirksvertretung Osterfeld und stellvertretende Vorsitzende der SPD-Fraktion im Rat der Stadt Oberhausen<\/p><\/div>\n<p>Altes Brot und Br\u00f6tchen auf einer Baumscheibe, die Tauben anlocken, Getr\u00e4nkedosen auf dem Boden, herausgel\u00f6ste Pflastersteine: In Zeiten der Corona-Krise ist der Wappenplatz in Osterfeld zusehends verm\u00fcllt \u2013 eine Situation, wie sie nicht bleiben konnte.<\/p>\n<p>Die SPD-Stadtverordnete Silke Jacobs hat sich des Problems angenommen und es als erstes \u00fcber die st\u00e4dtische Beschwerde-Hotline versucht. &#8222;Das Pflaster ist gleich repariert worden, die Hotline hat sehr schnell auf die Beschwerde reagiert, das ist lobenswert&#8220;, so die sozialdemokratische Stadtverordnete.<!--more--><\/p>\n<p><a href=\"https:\/\/meier-gerdingh.de\/wp-spd-ob\/wp-content\/uploads\/2020\/07\/wappenplatz-vermuellt-01-lg.jpg\"><img decoding=\"async\" class=\"alignleft size-full wp-image-7165\" src=\"https:\/\/meier-gerdingh.de\/wp-spd-ob\/wp-content\/uploads\/2020\/07\/wappenplatz-vermuellt-01.jpg\" alt=\"\" width=\"280\" height=\"210\" \/><\/a>Die Reinigung haben zwei hauptamtliche Kr\u00e4fte der Ruhrwerkstatt \u00fcbernommen, die Ma\u00dfnahmen der Einrichtung haben erst am 1. Juli wieder begonnen. Da die Baumscheiben aber extrem verdreckt waren, wollten die Mitarbeiter der Ruhrwerkstatt nicht so lange warten und haben schon einmal f\u00fcr Ordnung gesorgt.<\/p>\n<p><!-- <a href=\"https:\/\/meier-gerdingh.de\/wp-spd-ob\/wp-content\/uploads\/2020\/07\/wappenplatz-vermuellt-02-lg.jpg\"><img decoding=\"async\" class=\"alignright size-full wp-image-7167\" src=\"https:\/\/meier-gerdingh.de\/wp-spd-ob\/wp-content\/uploads\/2020\/07\/wappenplatz-vermuellt-02.jpg\" alt=\"\" width=\"280\" height=\"373\" srcset=\"https:\/\/meier-gerdingh.de\/wp-spd-ob\/wp-content\/uploads\/2020\/07\/wappenplatz-vermuellt-02.jpg 280w, https:\/\/meier-gerdingh.de\/wp-spd-ob\/wp-content\/uploads\/2020\/07\/wappenplatz-vermuellt-02-225x300.jpg 225w\" sizes=\"(max-width: 280px) 100vw, 280px\" \/><\/a> -->Im Gespr\u00e4ch beklagten sie sich dar\u00fcber, dass immer wieder von der Ruhrwerkstatt gesetzte Pflanzen herausgerissen werden und der Weg zum n\u00e4chsten M\u00fclleimer f\u00fcr manche Menschen grunds\u00e4tzlich zu weit erscheint. &#8222;Es muss sich offenbar noch vieles im Bewusstsein der Menschen \u00e4ndern, damit wir solche verm\u00fcllten Ecken in Osterfeld nicht mehr sehen m\u00fcssen&#8220;, erkl\u00e4rt Silke Jacobs.<\/p>\n","protected":false},"excerpt":{"rendered":"<p>Altes Brot und Br\u00f6tchen auf einer Baumscheibe, die Tauben anlocken, Getr\u00e4nkedosen auf dem Boden, herausgel\u00f6ste Pflastersteine: In Zeiten der Corona-Krise ist der Wappenplatz in Osterfeld zusehends verm\u00fcllt \u2013 eine Situation,&hellip; <\/p>\n","protected":false},"author":1,"featured_media":0,"comment_status":"closed","ping_status":"closed","sticky":false,"template":"","format":"standard","meta":{"footnotes":""},"categories":[167],"tags":[2402,2400,41,1557,114,1843,2401],"quellen":[326],"class_list":["post-7169","post","type-post","status-publish","format-standard","hentry","category-stadtteile","tag-baumscheiben","tag-beschwerde-hotline","tag-osterfeld","tag-ruhrwerkstatt","tag-sauberkeit","tag-vermuellung","tag-wappenplatz","quellen-spd-fraktion-oberhausen"],"_links":{"self":[{"href":"https:\/\/meier-gerdingh.de\/wp-spd-ob\/wp-json\/wp\/v2\/posts\/7169","targetHints":{"allow":["GET"]}}],"collection":[{"href":"https:\/\/meier-gerdingh.de\/wp-spd-ob\/wp-json\/wp\/v2\/posts"}],"about":[{"href":"https:\/\/meier-gerdingh.de\/wp-spd-ob\/wp-json\/wp\/v2\/types\/post"}],"author":[{"embeddable":true,"href":"https:\/\/meier-gerdingh.de\/wp-spd-ob\/wp-json\/wp\/v2\/users\/1"}],"replies":[{"embeddable":true,"href":"https:\/\/meier-gerdingh.de\/wp-spd-ob\/wp-json\/wp\/v2\/comments?post=7169"}],"version-history":[{"count":0,"href":"https:\/\/meier-gerdingh.de\/wp-spd-ob\/wp-json\/wp\/v2\/posts\/7169\/revisions"}],"wp:attachment":[{"href":"https:\/\/meier-gerdingh.de\/wp-spd-ob\/wp-json\/wp\/v2\/media?parent=7169"}],"wp:term":[{"taxonomy":"category","embeddable":true,"href":"https:\/\/meier-gerdingh.de\/wp-spd-ob\/wp-json\/wp\/v2\/categories?post=7169"},{"taxonomy":"post_tag","embeddable":true,"href":"https:\/\/meier-gerdingh.de\/wp-spd-ob\/wp-json\/wp\/v2\/tags?post=7169"},{"taxonomy":"quellen","embeddable":true,"href":"https:\/\/meier-gerdingh.de\/wp-spd-ob\/wp-json\/wp\/v2\/quellen?post=7169"}],"curies":[{"name":"wp","href":"https:\/\/api.w.org\/{rel}","templated":true}]}}