{"id":717,"date":"2009-08-07T16:00:00","date_gmt":"2009-08-07T14:00:00","guid":{"rendered":"http:\/\/www.meier-gerdingh.de\/spd-oberhausen\/wp\/?p=717"},"modified":"2017-05-16T17:30:48","modified_gmt":"2017-05-16T15:30:48","slug":"das-hans-sachs-berufskolleg-wird-saniert","status":"publish","type":"post","link":"https:\/\/meier-gerdingh.de\/wp-spd-ob\/2009\/08\/07\/das-hans-sachs-berufskolleg-wird-saniert\/","title":{"rendered":"Das Hans-Sachs-Berufskolleg wird saniert"},"content":{"rendered":"<div style=\"width: 210px\" class=\"wp-caption alignleft\"><a href=\"http:\/\/meier-gerdingh.de\/wp-spd-ob\/wp-content\/uploads\/sommerschule_09_hans_sachs.jpg\"><img decoding=\"async\" class=\"size-full\" src=\"http:\/\/meier-gerdingh.de\/wp-spd-ob\/wp-content\/uploads\/sommerschule_09_hans_sachs.jpg\" alt=\"Schulleiter Marc B\u00fccker informierte die Teilnehmer der SPD-Sommerschule \u00fcber die bevorstehenden Sanierungsma\u00dfnahmen am Hans-Sachs-Berufskolleg\" width=\"200\" height=\"147\" \/><\/a><p class=\"wp-caption-text\">Schulleiter Marc B\u00fccker informierte die Teilnehmer der SPD-Sommerschule \u00fcber die bevorstehenden Sanierungsma\u00dfnahmen am Hans-Sachs-Berufskolleg<\/p><\/div>\n<p>Die gestrige Veranstaltung der SPD-Sommerschule f\u00fchrte Oberb\u00fcrgermeister Klaus Wehling und Wolfgang Gro\u00dfe Br\u00f6mer, den Vorsitzenden der Schulaussch\u00fcsse der Stadt und des Landtages, sowie rund zwanzig weitere Teilnehmer zum Hans-Sachs-Berufskolleg. Schulleiter Marc B\u00fccker und Horst Kalthoff von der OGM informierten \u00fcber die bevorstehende energetische Sanierung des Schulgeb\u00e4udes.<!--more--><\/p>\n<p><b>Hartn\u00e4ckiger Einsatz f\u00fcr die Schule<\/b><\/p>\n<p>F\u00fcr \u00fcber vier Millionen Euro werden das Schulgeb\u00e4ude und die Werkst\u00e4tten auf den neuesten Stand in Sachen Energiesparen und Klimaschutz gebracht. Der Energieverbrauch des Geb\u00e4ude aus dem Jahr 1975 liegt bisher noch rund 50 Prozent \u00fcber dem Durchschnitt vergleichbarer Schulgeb\u00e4ude. Und dennoch wird es in manchen R\u00e4umen im Winter so kalt, dass kaum unterrichtet werden kann.<\/p>\n<p>Ausdr\u00fccklich lobte Schulleiter B\u00fccker vor diesem Hintergrund die Arbeit des SPD-Stadtverordneten Dirk V\u00f6pel. Selten habe er jemanden erlebt, der sich so nachhaltig und dauerhaft f\u00fcr die Belange der Schule engagiert habe. Dass die dringend notwendige Sanierung nun durchgef\u00fchrt werden k\u00f6nne, sei wesentlich auch seinem hartn\u00e4ckigen Einsatz zu verdanken.<\/p>\n<p><b>Baubeginn im n\u00e4chsten Jahr<\/b><\/p>\n<p>Nun sind die F\u00f6rderantr\u00e4ge bewilligt und auch die Bezirksregierung hat der Investition zugestimmt. Ein Drittel der anfallenden Kosten tr\u00e4gt die Stadt selbst; der Rest kommt vom Land. Baubeginn soll im n\u00e4chsten Jahr sein. Geplant sind unter anderem die Erneuerung und Isolierung der Fassade, der Austausch von Fensterfl\u00e4chen und Au\u00dfent\u00fcren, die Modernisierung der Heizung und der Warmwasseraufbereitung, sowie die D\u00e4mmung von Dach und Keller. Diese Ma\u00dfnahmen versprichen nicht nur die durch den Betrieb des Geb\u00e4udes verursachte Umweltbelastung um \u00fcber die H\u00e4lfte zu senken. Vielmehr lassen sich dadurch auch Betriebskosten in H\u00f6he von 120.000 Euro Betriebskosten einsparen.<\/p>\n<p>Die Planung der Sanierung wurde von Anfang an intensiv von der Schulleitung begleitet. Und auch die Sch\u00fclerinnen und Sch\u00fcler des Berufskollegs konnten ihre Vorstellungen einbringen: Die Technikklassen haben eigene Konzepte f\u00fcr die energetische Sanierung ihrer Schule vorgelegt. &#8222;Wo immer es m\u00f6glich ist, werden wir Ihre Anregungen aufgreifen,&#8220; versprach Horst Kalthoff. &#8222;Wir wollen, dass sich die Sch\u00fclerinnen und Sch\u00fcler in ihrer Schule wiederfinden.&#8220;<\/p>\n<p><b>Neue Anforderungen an Berufskollegs<\/b><\/p>\n<p>Neben der Sanierung stand auch die p\u00e4dagogische Arbeit des Berufskollegs auf der Tagesordnung. B\u00fccker informierte die Teilnehmer der Sommerschule \u00fcber die hohen Anforderungen, die seine Kolleginnen und Kollegen bei ihrer t\u00e4glichen Arbeit zu erf\u00fcllen h\u00e4tten. Die Berufskollegs h\u00e4tten heute einen deutlich vielschichtigeren Aufgabenbereich als fr\u00fcher. Das Hans-Sachs-Berufskolleg biete das gesamte Spektrum beruflicher Bildung von der Berufsschule bis zur Fachschule und kostenpflichtige Schulungen f\u00fcr private Unternehmen an. Insbesondere aber die Beschulung von Jugendlichen ohne Berufsausbildung nehme immer gr\u00f6\u00dferen Raum ein und bringe neue Anforderungen an Ausstattung, Geb\u00e4ude und Personal mit sich.<\/p>\n<p>Oberb\u00fcrgermeister Klaus Wehling machte zum Abschied deutlich: &#8222;Die Zeit, in der die Zust\u00e4ndigkeit der Stadt an der Schult\u00fcr endete, ist endg\u00fcltig vorbei. Darum nutzen wir den begrenzten Handlungsspielraum, den uns das Land einr\u00e4umt, voll aus, um die Arbeit der Schulen auch inhaltlich zu begleiten.&#8220; Um die Situation der Berufkollegs noch einmal ausf\u00fchrlich zu thematisieren lud er Schulleiter Marc B\u00fccker zu einer der n\u00e4chsten Sitzungen der SPD-Ratsfraktion ein.<\/p>\n","protected":false},"excerpt":{"rendered":"<p>Die gestrige Veranstaltung der SPD-Sommerschule f\u00fchrte Oberb\u00fcrgermeister Klaus Wehling und Wolfgang Gro\u00dfe Br\u00f6mer, den Vorsitzenden der Schulaussch\u00fcsse der Stadt und des Landtages, sowie rund zwanzig weitere Teilnehmer zum Hans-Sachs-Berufskolleg. Schulleiter&hellip; <\/p>\n","protected":false},"author":1,"featured_media":0,"comment_status":"closed","ping_status":"closed","sticky":false,"template":"","format":"standard","meta":{"footnotes":""},"categories":[1],"tags":[],"quellen":[],"class_list":["post-717","post","type-post","status-publish","format-standard","hentry","category-allgemein"],"_links":{"self":[{"href":"https:\/\/meier-gerdingh.de\/wp-spd-ob\/wp-json\/wp\/v2\/posts\/717","targetHints":{"allow":["GET"]}}],"collection":[{"href":"https:\/\/meier-gerdingh.de\/wp-spd-ob\/wp-json\/wp\/v2\/posts"}],"about":[{"href":"https:\/\/meier-gerdingh.de\/wp-spd-ob\/wp-json\/wp\/v2\/types\/post"}],"author":[{"embeddable":true,"href":"https:\/\/meier-gerdingh.de\/wp-spd-ob\/wp-json\/wp\/v2\/users\/1"}],"replies":[{"embeddable":true,"href":"https:\/\/meier-gerdingh.de\/wp-spd-ob\/wp-json\/wp\/v2\/comments?post=717"}],"version-history":[{"count":0,"href":"https:\/\/meier-gerdingh.de\/wp-spd-ob\/wp-json\/wp\/v2\/posts\/717\/revisions"}],"wp:attachment":[{"href":"https:\/\/meier-gerdingh.de\/wp-spd-ob\/wp-json\/wp\/v2\/media?parent=717"}],"wp:term":[{"taxonomy":"category","embeddable":true,"href":"https:\/\/meier-gerdingh.de\/wp-spd-ob\/wp-json\/wp\/v2\/categories?post=717"},{"taxonomy":"post_tag","embeddable":true,"href":"https:\/\/meier-gerdingh.de\/wp-spd-ob\/wp-json\/wp\/v2\/tags?post=717"},{"taxonomy":"quellen","embeddable":true,"href":"https:\/\/meier-gerdingh.de\/wp-spd-ob\/wp-json\/wp\/v2\/quellen?post=717"}],"curies":[{"name":"wp","href":"https:\/\/api.w.org\/{rel}","templated":true}]}}