{"id":7170,"date":"2020-07-02T13:27:30","date_gmt":"2020-07-02T11:27:30","guid":{"rendered":"https:\/\/meier-gerdingh.de\/wp-spd-ob\/?p=7170"},"modified":"2020-07-04T13:30:13","modified_gmt":"2020-07-04T11:30:13","slug":"spd-verwundert-ueber-foerderung-der-sparkassenreinigung","status":"publish","type":"post","link":"https:\/\/meier-gerdingh.de\/wp-spd-ob\/2020\/07\/02\/spd-verwundert-ueber-foerderung-der-sparkassenreinigung\/","title":{"rendered":"SPD verwundert \u00fcber F\u00f6rderung der Sparkassenreinigung"},"content":{"rendered":"<div id=\"attachment_5396\" style=\"width: 190px\" class=\"wp-caption alignleft\"><a href=\"https:\/\/meier-gerdingh.de\/wp-spd-ob\/wp-content\/uploads\/2018\/07\/14_flore_manfred_1000.jpg\"><img aria-describedby=\"caption-attachment-5396\" decoding=\"async\" class=\"size-full wp-image-5396\" src=\"https:\/\/meier-gerdingh.de\/wp-spd-ob\/wp-content\/uploads\/2018\/07\/14_flore_manfred.jpg\" alt=\"\" width=\"180\" height=\"180\" srcset=\"https:\/\/meier-gerdingh.de\/wp-spd-ob\/wp-content\/uploads\/2018\/07\/14_flore_manfred.jpg 180w, https:\/\/meier-gerdingh.de\/wp-spd-ob\/wp-content\/uploads\/2018\/07\/14_flore_manfred-150x150.jpg 150w\" sizes=\"(max-width: 180px) 100vw, 180px\" \/><\/a><p id=\"caption-attachment-5396\" class=\"wp-caption-text\">Manfred Flore ist umwelt- und kulturpolitischer Sprecher der SPD-Ratsfraktion<\/p><\/div>\n<p>F\u00fcr Verwunderung in Reihen der SPD-Fraktion hat ein Bericht \u00fcber die Reinigung der Au\u00dfenfassade der Sparkasse an der Marktstra\u00dfe gesorgt. Als irritierend empfanden die Sozialdemokraten dabei weniger den Umstand, dass die Fassade in neuem Glanz erstrahlt, als vielmehr den, dass daf\u00fcr Mittel aus dem Projekt &#8222;Br\u00fcckenschlag&#8220; beantragt und bewilligt worden sind.<\/p>\n<p>&#8222;Ich finde es zumindest befremdlich, dass ein Kreditinstitut mit einer Bilanzsumme von 2,5 Milliarden Euro einen Zuschuss f\u00fcr eine Fassadenreinigung beantragt und auch erh\u00e4lt&#8220;, erkl\u00e4rt der Kulturpolitische Sprecher der SPD-Fraktion, Manfred Flore. &#8222;Angesichts der zahlreichen Baustellen beim Br\u00fcckenschlag sollte man sich vielleicht noch einmal Gedanken \u00fcber dessen Priorit\u00e4ten machen.&#8220;<!--more--><\/p>\n<p>In der letzten Sitzung des Kulturausschusses vor der Sommerpause erst hatte die Verwaltung auf Antrag der SPD-Fraktion \u00fcber den Stillstand bei etlichen Kulturprojekten im Rahmen des Stadterneuerungsprogramms berichten m\u00fcssen.<\/p>\n","protected":false},"excerpt":{"rendered":"<p>F\u00fcr Verwunderung in Reihen der SPD-Fraktion hat ein Bericht \u00fcber die Reinigung der Au\u00dfenfassade der Sparkasse an der Marktstra\u00dfe gesorgt. Als irritierend empfanden die Sozialdemokraten dabei weniger den Umstand, dass&hellip; <\/p>\n","protected":false},"author":1,"featured_media":0,"comment_status":"closed","ping_status":"closed","sticky":false,"template":"","format":"standard","meta":{"footnotes":""},"categories":[40,167],"tags":[496,1226,2403],"quellen":[326],"class_list":["post-7170","post","type-post","status-publish","format-standard","hentry","category-kultur","category-stadtteile","tag-kulturausschuss","tag-projekt-brueckenschlag","tag-stadtsparkasse-oberhausen","quellen-spd-fraktion-oberhausen"],"_links":{"self":[{"href":"https:\/\/meier-gerdingh.de\/wp-spd-ob\/wp-json\/wp\/v2\/posts\/7170","targetHints":{"allow":["GET"]}}],"collection":[{"href":"https:\/\/meier-gerdingh.de\/wp-spd-ob\/wp-json\/wp\/v2\/posts"}],"about":[{"href":"https:\/\/meier-gerdingh.de\/wp-spd-ob\/wp-json\/wp\/v2\/types\/post"}],"author":[{"embeddable":true,"href":"https:\/\/meier-gerdingh.de\/wp-spd-ob\/wp-json\/wp\/v2\/users\/1"}],"replies":[{"embeddable":true,"href":"https:\/\/meier-gerdingh.de\/wp-spd-ob\/wp-json\/wp\/v2\/comments?post=7170"}],"version-history":[{"count":0,"href":"https:\/\/meier-gerdingh.de\/wp-spd-ob\/wp-json\/wp\/v2\/posts\/7170\/revisions"}],"wp:attachment":[{"href":"https:\/\/meier-gerdingh.de\/wp-spd-ob\/wp-json\/wp\/v2\/media?parent=7170"}],"wp:term":[{"taxonomy":"category","embeddable":true,"href":"https:\/\/meier-gerdingh.de\/wp-spd-ob\/wp-json\/wp\/v2\/categories?post=7170"},{"taxonomy":"post_tag","embeddable":true,"href":"https:\/\/meier-gerdingh.de\/wp-spd-ob\/wp-json\/wp\/v2\/tags?post=7170"},{"taxonomy":"quellen","embeddable":true,"href":"https:\/\/meier-gerdingh.de\/wp-spd-ob\/wp-json\/wp\/v2\/quellen?post=7170"}],"curies":[{"name":"wp","href":"https:\/\/api.w.org\/{rel}","templated":true}]}}