{"id":7176,"date":"2020-07-05T15:01:57","date_gmt":"2020-07-05T13:01:57","guid":{"rendered":"https:\/\/meier-gerdingh.de\/wp-spd-ob\/?p=7176"},"modified":"2020-07-07T19:56:11","modified_gmt":"2020-07-07T17:56:11","slug":"termine-der-spd-sommerschule-2020","status":"publish","type":"post","link":"https:\/\/meier-gerdingh.de\/wp-spd-ob\/2020\/07\/05\/termine-der-spd-sommerschule-2020\/","title":{"rendered":"Termine der SPD-Sommerschule 2020"},"content":{"rendered":"<p><a href=\"https:\/\/meier-gerdingh.de\/wp-spd-ob\/wp-content\/uploads\/2020\/07\/banner_spd_sommerschule_20.png\"><img decoding=\"async\" class=\"aligncenter size-full wp-image-7175\" src=\"https:\/\/meier-gerdingh.de\/wp-spd-ob\/wp-content\/uploads\/2020\/07\/banner_spd_sommerschule_20.png\" alt=\"\" width=\"720\" height=\"254\" srcset=\"https:\/\/meier-gerdingh.de\/wp-spd-ob\/wp-content\/uploads\/2020\/07\/banner_spd_sommerschule_20.png 720w, https:\/\/meier-gerdingh.de\/wp-spd-ob\/wp-content\/uploads\/2020\/07\/banner_spd_sommerschule_20-300x106.png 300w\" sizes=\"(max-width: 720px) 100vw, 720px\" \/><\/a>Mit einem Programm, dass die besonderen Verh\u00e4ltnisse in Corona-Zeiten beachtet, l\u00e4dt die SPD-Ratsfraktion politisch Interessierte auch in diesem Jahr wieder zu ihrer Sommerschule ein. Um einen m\u00f6glichst reibungslosen Ablauf zu garantieren, werden s\u00e4mtliche Veranstaltungen vornehmlich im Freien stattfinden, die Teilnehmerinnen und Teilnehmer werden grunds\u00e4tzlich darum gebeten, Abst\u00e4nde zu wahren sowie Mund-Nase-Bedeckungen zu tragen. Um die Zahl der Teilnehmenden im Bedarfsfall begrenzen zu k\u00f6nnen, ist eine grunds\u00e4tzliche Anmeldung per Mail unter <a href=\"mailto:buero@spd-fraktion-oberhausen.de\">buero@spd-fraktion-oberhausen.de<\/a> oder telefonisch unter (0208) 825 21 04 verpflichtend.<br \/>\n<!--more--><\/p>\n<style type=\"text\/css\" id=\"gmpMapStyles_7_43185\">\r\n\t#google_map_easy_7_43185 {\r\n        width: 100%;\r\n        height: 400px;\r\n\t\t\t\t\t\t    }\r\n\t#gmapControlsNum_7_43185 {\r\n\t\twidth:100%\t}\r\n\t.gmpMapDetailsContainer#gmpMapDetailsContainer_7_43185 {\r\n\t\theight:400px;\r\n\t}\r\n\t.gmp_MapPreview#google_map_easy_7_43185 {\r\n\t\t\/*position:absolute;*\/\r\n\t\twidth: 100%;\r\n\t}\r\n\t#mapConElem_7_43185{\r\n\t\twidth: 100%\t}\r\n    .gm-style .gm-style-iw-c{\r\n        padding: 12px!important;\r\n    }\r\n\t    <\/style>\r\n <div class=\"gmp_map_opts\" id=\"mapConElem_7_43185\" data-id=\"7\" data-view-id=\"7_43185\" > <div class=\"gmpMapDetailsContainer\" id=\"gmpMapDetailsContainer_7_43185\"> <i class=\"gmpKMLLayersPreloader fa fa-spinner fa-spin\" aria-hidden=\"true\" style=\"display: none;\"><\/i> <div class=\"gmp_MapPreview \" id=\"google_map_easy_7_43185\"><\/div> <\/div> <div class=\"gmpMapMarkerFilters\" id=\"gmpMapMarkerFilters_7_43185\"> <\/div> <div class=\"gmpMapProControlsCon\" id=\"gmpMapProControlsCon_7_43185\"> <a title=\"WordPress Google Maps\" style=\"display:none;\" href=\"https:\/\/supsystic.com\/plugins\/google-maps-plugin\/?utm_medium=love_link_hide\" target=\"_blank\">WordPress Google Maps<\/a><div style=\"clear: both;\"><\/div> <\/div> <div class=\"gmpMapProDirectionsCon\" id=\"gmpMapProDirectionsCon_7_43185\" > <\/div> <div class=\"gmpMapProKmlFilterCon\" id=\"gmpMapProKmlFilterCon_7_43185\" > <\/div> <div class=\"gmpSocialSharingShell gmpSocialSharingShell_7_43185\"> <\/div> <div style=\"clear: both;\"><\/div> <\/div> \n<hr class=\"spd-ob-sommerschule-divider\" \/>\n<div class=\"spd-ob-sommerschule-date\"><em>1. Termin:\u00a0\u00a0<\/em>MI\u00a0|\u00a008. JULI 2020\u00a0|\u00a016.00 Uhr<\/div>\n<h3 class=\"spd-ob-sommerschule-title\">Die Denk- und Erinnerungskultur in Oberhausen<\/h3>\n<div class=\"spd-ob-sommerschule-location\"><em>Treffpunkt:\u00a0\u00a0<\/em>16.00 Uhr\u00a0| Gedenkhalle Oberhausen an der\u00a0Statue &#8222;Trauernde&#8220; am Schloss | Konrad-Adenauer-Allee 46 |46049 Oberhausen<\/div>\n<p>&#8222;Die Denk- und Erinnerungskultur in Oberhausen&#8220;. In Zeiten, in denen in deutschen Parlamenten und Ratss\u00e4len wieder zunehmend fremden- und demokratiefeindliches Gedankengut pr\u00e4sent ist, m\u00f6chten wir einen Gegenpunkt setzen und uns deshalb mit den dunklen Kapiteln unserer Stadtgeschichte und der Erinnerungskultur in Oberhausen auseinandersetzen. Zu diesem Zweck besuchen wir bei unserer ersten Sommerschule die Gedenkhalle, ziehen danach weiter zur &#8222;Trauernden&#8220; und gehen schlie\u00dflich zum Ehrenmal auf der Emscherinsel.<\/p>\n<p>Da Teile dieses Programms im Innenraum stattfinden, muss die Veranstaltung in Absprache mit dem Leiter der Gedenkhalle auf 14 Personen begrenzt werden. An dieser Stelle sei noch einmal an die zwingend notwendige Anmeldung erinnert.<\/p>\n<hr class=\"spd-ob-sommerschule-divider\" \/>\n<div class=\"spd-ob-sommerschule-date\"><em>2. Termin:\u00a0<\/em>MI\u00a0| 15. JULI 2020\u00a0|\u00a016.00 Uhr<\/div>\n<h3 class=\"spd-ob-sommerschule-title\">Das Nachwuchsleistungszentrum von Rot-Wei\u00df Oberhausen<\/h3>\n<div class=\"spd-ob-sommerschule-location\"><em>Treffpunkt:\u00a0\u00a0<\/em>16.00 Uhr\u00a0|\u00a0Eingang zum Leistungszentrum, gleich gegen\u00fcber dem Stadion Niederrhein | Lindnerstra\u00dfe 78 | 46149 Oberhausen<\/div>\n<p>Das mittlerweile freiwillig gef\u00fchrte Nachwuchsleistungszentrum von RWO ist ohne Zweifel eines der sportlichen Aush\u00e4ngeschilder der Stadt. Geradezu \u201eumzingelt\u201c von harter, namhafter Konkurrenz gelingt es den Verantwortlichen immer wieder, Talente zu entdecken und zu f\u00f6rdern. Wie schafft man so eine beachtliche Leistung?<\/p>\n<p>Eine weitere Frage dr\u00e4ngt sich nat\u00fcrlich geradezu auf: Wie geht es mit dem Verein in Zeiten von Corona weiter? Wir freuen uns, G\u00e4ste von RWO-Boss Hajo Sommers sein zu d\u00fcrfen.<\/p>\n<hr class=\"spd-ob-sommerschule-divider\" \/>\n<div class=\"spd-ob-sommerschule-date\"><em>3. Termin:\u00a0<\/em>MI\u00a0|\u00a029. JULI 2020\u00a0|\u00a016.00 Uhr<\/div>\n<h3 class=\"spd-ob-sommerschule-title\">Der Wohnpark Bebelstra\u00dfe<\/h3>\n<div class=\"spd-ob-sommerschule-location\"><em>Treffpunkt: <\/em>16.00 Uhr\u00a0|\u00a0Wohnpark Bebelstra\u00dfe | Im Innenhof | Bebelstra\u00dfe 35 | 46049 Oberhausen<\/div>\n<p>Die Siedlung an der Bebelstra\u00dfe hat auch heute noch gelinde gesagt nicht den besten Ruf in Oberhausen. Zu Recht? Was kann man tun, um ein Wohnumfeld, um das es alles andere als zum Besten steht, zu stabilisieren? Yvonne Gruppe von der BCP-Hausverwaltung wird erl\u00e4utern, wie die Qualit\u00e4t des Wohnumfelds verbessert wurde und auch weiter verbessert werden soll.<\/p>\n<hr class=\"spd-ob-sommerschule-divider\" \/>\n<div class=\"spd-ob-sommerschule-date\"><em>4. Termin:\u00a0<\/em>DO\u00a0|\u00a06. AUGUST 2020\u00a0|\u00a016.00 Uhr<\/div>\n<h3 class=\"spd-ob-sommerschule-title\">Die Modernisierung der Open Airea<\/h3>\n<div class=\"spd-ob-sommerschule-location\"><em>Treffpunkt:\u00a0<\/em>16.00 Uhr\u00a0|\u00a0Open Airea | Am Kaisergarten 28 | 46049 Oberhausen<\/div>\n<p>An diesem  Termin werden wir uns das \u2013 fast \u2013 fertige Resultat anschauen und uns davon \u00fcberzeugen k\u00f6nnen, dass Oberhausen hier eine neue Attraktion erh\u00e4lt, die auch G\u00e4ste aus anderen St\u00e4dten anziehen d\u00fcrfte. Im Anschluss wollen wir eine alte Sommerschulen-Tradition pflegen und in den benachbarten Generationengarten zum gemeinsamen Grillen einladen.<\/p>\n","protected":false},"excerpt":{"rendered":"<p>Mit einem Programm, dass die besonderen Verh\u00e4ltnisse in Corona-Zeiten beachtet, l\u00e4dt die SPD-Ratsfraktion politisch Interessierte auch in diesem Jahr wieder zu ihrer Sommerschule ein. Um einen m\u00f6glichst reibungslosen Ablauf zu&hellip; <\/p>\n","protected":false},"author":1,"featured_media":0,"comment_status":"closed","ping_status":"closed","sticky":false,"template":"","format":"standard","meta":{"footnotes":""},"categories":[173,171],"tags":[819],"quellen":[327],"class_list":["post-7176","post","type-post","status-publish","format-standard","hentry","category-parteileben","category-veranstaltungen","tag-spd-sommerschule","quellen-spd-unterbezirk-oberhausen"],"_links":{"self":[{"href":"https:\/\/meier-gerdingh.de\/wp-spd-ob\/wp-json\/wp\/v2\/posts\/7176","targetHints":{"allow":["GET"]}}],"collection":[{"href":"https:\/\/meier-gerdingh.de\/wp-spd-ob\/wp-json\/wp\/v2\/posts"}],"about":[{"href":"https:\/\/meier-gerdingh.de\/wp-spd-ob\/wp-json\/wp\/v2\/types\/post"}],"author":[{"embeddable":true,"href":"https:\/\/meier-gerdingh.de\/wp-spd-ob\/wp-json\/wp\/v2\/users\/1"}],"replies":[{"embeddable":true,"href":"https:\/\/meier-gerdingh.de\/wp-spd-ob\/wp-json\/wp\/v2\/comments?post=7176"}],"version-history":[{"count":0,"href":"https:\/\/meier-gerdingh.de\/wp-spd-ob\/wp-json\/wp\/v2\/posts\/7176\/revisions"}],"wp:attachment":[{"href":"https:\/\/meier-gerdingh.de\/wp-spd-ob\/wp-json\/wp\/v2\/media?parent=7176"}],"wp:term":[{"taxonomy":"category","embeddable":true,"href":"https:\/\/meier-gerdingh.de\/wp-spd-ob\/wp-json\/wp\/v2\/categories?post=7176"},{"taxonomy":"post_tag","embeddable":true,"href":"https:\/\/meier-gerdingh.de\/wp-spd-ob\/wp-json\/wp\/v2\/tags?post=7176"},{"taxonomy":"quellen","embeddable":true,"href":"https:\/\/meier-gerdingh.de\/wp-spd-ob\/wp-json\/wp\/v2\/quellen?post=7176"}],"curies":[{"name":"wp","href":"https:\/\/api.w.org\/{rel}","templated":true}]}}