{"id":7192,"date":"2020-07-16T07:03:46","date_gmt":"2020-07-16T05:03:46","guid":{"rendered":"https:\/\/meier-gerdingh.de\/wp-spd-ob\/?p=7192"},"modified":"2020-07-15T15:18:15","modified_gmt":"2020-07-15T13:18:15","slug":"stadt-muss-endlich-handeln","status":"publish","type":"post","link":"https:\/\/meier-gerdingh.de\/wp-spd-ob\/2020\/07\/16\/stadt-muss-endlich-handeln\/","title":{"rendered":"Stadt muss endlich handeln"},"content":{"rendered":"<div id=\"attachment_7190\" style=\"width: 730px\" class=\"wp-caption aligncenter\"><a href=\"https:\/\/meier-gerdingh.de\/wp-spd-ob\/wp-content\/uploads\/2020\/07\/thorsten-berg-2020-altmarkt-lg.jpg\"><img aria-describedby=\"caption-attachment-7190\" decoding=\"async\" class=\"size-full wp-image-7190\" src=\"https:\/\/meier-gerdingh.de\/wp-spd-ob\/wp-content\/uploads\/2020\/07\/thorsten-berg-2020-altmarkt.jpg\" alt=\"\" width=\"720\" height=\"286\" srcset=\"https:\/\/meier-gerdingh.de\/wp-spd-ob\/wp-content\/uploads\/2020\/07\/thorsten-berg-2020-altmarkt.jpg 720w, https:\/\/meier-gerdingh.de\/wp-spd-ob\/wp-content\/uploads\/2020\/07\/thorsten-berg-2020-altmarkt-300x119.jpg 300w\" sizes=\"(max-width: 720px) 100vw, 720px\" \/><\/a><p id=\"caption-attachment-7190\" class=\"wp-caption-text\">Das Bild zeigt Hans-Peter Becker (links), Klaus-Dieter Grambau (3.v.l.) und Mustafa Rogoj (4.v.l.) aus der Nachbarschaft nach dem Gespr\u00e4ch mit dem OB-Kandidaten der SPD, Thorsten Berg (2.v.l.) sowie den sozialdemokratischen Ratskandidaten f\u00fcr die Stadtmitte, Axel. J. Scherer (2.v.r.) und Gianni Virgalitta.<\/p><\/div>\n<p>M\u00fcll auf der Stra\u00dfe, Drogenhandel, massive Trinkgelage und das t\u00e4gliche Verrichten der Notdurft an den W\u00e4nden der Herz-Jesu-Kirche oder in den Hauseing\u00e4ngen an der Christoph-Schlingensief-Stra\u00dfe \u2013 f\u00fcr die Seniorinnen und Senioren der H\u00e4user an der ehemaligen Pacellistra\u00dfe ist das Ma\u00df voll. Gemeinsam hatten die Anwohner ihrem \u00c4rger j\u00fcngst Luft gemacht, die WAZ dar\u00fcber berichtet.<\/p>\n<p>Dies haben der SPD-Oberb\u00fcrgermeisterkandidat Thorsten Berg sowie die Ratskandidaten f\u00fcr die Stadtmitte-Nord und -S\u00fcd, Axel J. Scherer und Gianni Virgallita, zum Anlass genommen, um mit den B\u00fcrgerinnen und B\u00fcrgern ins Gespr\u00e4ch zu kommen.<!--more--><\/p>\n<p>&#8222;Eine vern\u00fcnftige Stadtentwicklungspolitik, die sich an den Interessen der Menschen orientiert, muss gew\u00e4hrleisten, dass sich die Bewohnerinnen und Bewohner auch an diesem Ort wohlf\u00fchlen. Das, was ich heute hier erlebe, ist genau das Gegenteil. Die Menschen sind verunsichert und f\u00fchlen sich allein gelassen&#8220;, res\u00fcmierte Thorsten Berg.<\/p>\n<p>&#8222;Dies ist ein weiterer Beleg daf\u00fcr, dass die Stadtspitze die Stadtmitte und die wirklichen Probleme nicht im Blick hat. Das Pflaster und ein paar Fassaden reinigen zu lassen, reicht eben nicht&#8220;, so der OB-Kandidat. &#8222;Die Menschen mit ihren Problemen zu ignorieren oder zu vertr\u00f6sten \u00fcbrigens auch nicht.&#8220;<\/p>\n<p>Dabei l\u00e4sst sich einiges bewegen rund um das Pacelli-Quartier. Davon ist jedenfalls Ratskandidat Axel J. Scherer \u00fcberzeugt: &#8222;Auch wenn der Anlass unseres Treffens kein sch\u00f6ner ist, k\u00f6nnen wir festhalten: Hier engagieren sich Menschen aus der Mitte f\u00fcr ihre Nachbarschaft. Gemeinsam mit ihnen und den Gewerbetreibenden m\u00fcssen Politik und Verwaltung L\u00f6sungen f\u00fcr dieses Quartier finden \u2013 und auch endlich umsetzen.&#8220;<\/p>\n<p>Der Vorsitzende der Oberhausener Jusos, Gianni Virgallita, fordert endlich einen ganzheitlichen Ansatz zur L\u00f6sung der mannigfaltigen Probleme rund um den Altmarkt. &#8222;Nat\u00fcrlich kann es nicht sein, dass Anwohnerinnen und Anwohner vor ihrer eigenen Haust\u00fcr Angst haben oder sich ekeln, da m\u00fcssen auch Grenzen gesetzt werden. Allerdings sind hier auch Sozialarbeiterinnen und Sozialarbeiter gefragt, um die Situation nachhaltig zu verbessern.&#8220;<\/p>\n<p>Das steht auch f\u00fcr den OB-Kandidaten der SPD fest. &#8222;Ein Abschieben von Menschen mit Drogen- oder Alkoholabh\u00e4ngigkeit l\u00f6st das Problem nicht, sondern verlagert es lediglich&#8220;, so Thorsten Berg. &#8222;Wir brauchen ein Konzept, das auch die Betreuung dieser Menschen einschlie\u00dft.&#8220;<\/p>\n","protected":false},"excerpt":{"rendered":"<p>M\u00fcll auf der Stra\u00dfe, Drogenhandel, massive Trinkgelage und das t\u00e4gliche Verrichten der Notdurft an den W\u00e4nden der Herz-Jesu-Kirche oder in den Hauseing\u00e4ngen an der Christoph-Schlingensief-Stra\u00dfe \u2013 f\u00fcr die Seniorinnen und&hellip; <\/p>\n","protected":false},"author":1,"featured_media":0,"comment_status":"closed","ping_status":"closed","sticky":false,"template":"","format":"standard","meta":{"footnotes":""},"categories":[167],"tags":[1440,2414,359,111,1417,2413],"quellen":[327],"class_list":["post-7192","post","type-post","status-publish","format-standard","hentry","category-stadtteile","tag-altmarkt","tag-herz-jesu-kirche","tag-innenstadt-alt-oberhausen","tag-pacelli-quartier","tag-sozialarbeit","tag-trinker-szene","quellen-spd-unterbezirk-oberhausen"],"_links":{"self":[{"href":"https:\/\/meier-gerdingh.de\/wp-spd-ob\/wp-json\/wp\/v2\/posts\/7192","targetHints":{"allow":["GET"]}}],"collection":[{"href":"https:\/\/meier-gerdingh.de\/wp-spd-ob\/wp-json\/wp\/v2\/posts"}],"about":[{"href":"https:\/\/meier-gerdingh.de\/wp-spd-ob\/wp-json\/wp\/v2\/types\/post"}],"author":[{"embeddable":true,"href":"https:\/\/meier-gerdingh.de\/wp-spd-ob\/wp-json\/wp\/v2\/users\/1"}],"replies":[{"embeddable":true,"href":"https:\/\/meier-gerdingh.de\/wp-spd-ob\/wp-json\/wp\/v2\/comments?post=7192"}],"version-history":[{"count":0,"href":"https:\/\/meier-gerdingh.de\/wp-spd-ob\/wp-json\/wp\/v2\/posts\/7192\/revisions"}],"wp:attachment":[{"href":"https:\/\/meier-gerdingh.de\/wp-spd-ob\/wp-json\/wp\/v2\/media?parent=7192"}],"wp:term":[{"taxonomy":"category","embeddable":true,"href":"https:\/\/meier-gerdingh.de\/wp-spd-ob\/wp-json\/wp\/v2\/categories?post=7192"},{"taxonomy":"post_tag","embeddable":true,"href":"https:\/\/meier-gerdingh.de\/wp-spd-ob\/wp-json\/wp\/v2\/tags?post=7192"},{"taxonomy":"quellen","embeddable":true,"href":"https:\/\/meier-gerdingh.de\/wp-spd-ob\/wp-json\/wp\/v2\/quellen?post=7192"}],"curies":[{"name":"wp","href":"https:\/\/api.w.org\/{rel}","templated":true}]}}