{"id":7199,"date":"2020-07-22T19:15:28","date_gmt":"2020-07-22T17:15:28","guid":{"rendered":"https:\/\/meier-gerdingh.de\/wp-spd-ob\/?p=7199"},"modified":"2020-07-22T19:24:32","modified_gmt":"2020-07-22T17:24:32","slug":"endlich-kinderarmut-bekaempfen","status":"publish","type":"post","link":"https:\/\/meier-gerdingh.de\/wp-spd-ob\/2020\/07\/22\/endlich-kinderarmut-bekaempfen\/","title":{"rendered":"Endlich Kinderarmut bek\u00e4mpfen!"},"content":{"rendered":"<div id=\"attachment_5285\" style=\"width: 190px\" class=\"wp-caption alignleft\"><a href=\"https:\/\/meier-gerdingh.de\/wp-spd-ob\/wp-content\/uploads\/2018\/06\/14_bongers_sonja.jpg\"><img aria-describedby=\"caption-attachment-5285\" decoding=\"async\" class=\"size-full wp-image-5285\" src=\"https:\/\/meier-gerdingh.de\/wp-spd-ob\/wp-content\/uploads\/2018\/06\/14_bongers_sonja.jpg\" alt=\"\" width=\"180\" height=\"180\" srcset=\"https:\/\/meier-gerdingh.de\/wp-spd-ob\/wp-content\/uploads\/2018\/06\/14_bongers_sonja.jpg 180w, https:\/\/meier-gerdingh.de\/wp-spd-ob\/wp-content\/uploads\/2018\/06\/14_bongers_sonja-150x150.jpg 150w\" sizes=\"(max-width: 180px) 100vw, 180px\" \/><\/a><p id=\"caption-attachment-5285\" class=\"wp-caption-text\">Sonja Bongers ist Vorsitzende der SPD-Ratsfraktion und Mitglied des Landtags von Nordrhein-Westfalen<\/p><\/div>\n<p><em>Heute wurde die Bertelsmann-Studie zur Kinderarmut ver\u00f6ffentlicht. Darin steht, dass immer noch jedes f\u00fcnfte Kind in Deutschland in Armut lebt. Es kann nicht sein, dass in einem der reichsten L\u00e4nder der Welt so viele Kinder von Armut betroffen sind. Auch Familien in Oberhausen sind davon betroffen. Dazu erkl\u00e4rt die Landtagsabgeordnete Sonja Bongers:<\/em><\/p>\n<p>&#8222;In einer solidarischen Gesellschaft d\u00fcrfen die Schutzbed\u00fcrftigen nicht unter dem Radar laufen. Daher fordert unsere Landtagsfraktion schon seit langem die Einf\u00fchrung einer Kindergrundsicherung. Kinder haben ein Recht auf soziale Sicherheit und einen angemessenen Lebensstandard. Die Kindergrundsicherung kann einen wichtigen materiellen Beitrag zur Bek\u00e4mpfung von Kinderarmut leisten. Kinder sind keine kleinen Erwachsenen und d\u00fcrfen daher auch nicht so behandelt werden. Wir m\u00fcssen sie endlich aus Hartz IV herausholen.<!--more--><\/p>\n<p>Vor allem alleinerziehende Frauen und ihre Kinder haben nach wie vor ein hohes Armutsrisiko. Derzeit beziehen laut DGB rund 45 Prozent der Alleinerziehenden in NRW Hartz IV. Die bestehenden Unterst\u00fctzungsm\u00f6glichkeiten reichen hier bei Weitem nicht aus. Hier braucht es f\u00fcr die Betroffenen vor allem in den Bereichen Zeitsouver\u00e4nit\u00e4t, Kinderbetreuung und Berufsperspektive deutliche Verbesserungen.<\/p>\n<p>Um Kinder- und Familienarmut wirksam zu bek\u00e4mpfen und die Teilhabechancen von Kindern und Jugendlichen zu verbessern, ist zudem eine Reform des Leistungsdschungels erforderlich. Es ist an der Zeit, Kindergeld, Kinderfreibetr\u00e4ge, Kinderzuschlag und andere Familienleistungen zu einer Kindergrundsicherung zusammenzuf\u00fchren.<\/p>\n<p>Corona zeigt auch hier wieder, dass schon lang existierende Probleme durch Krisensituationen verst\u00e4rkt werden. Daher ist eine gesetzlich festgelegte Kindergrundsicherung, die keine Altersgruppe ausspart, mehr als \u00fcberf\u00e4llig!&#8220;<\/p>\n","protected":false},"excerpt":{"rendered":"<p>Heute wurde die Bertelsmann-Studie zur Kinderarmut ver\u00f6ffentlicht. Darin steht, dass immer noch jedes f\u00fcnfte Kind in Deutschland in Armut lebt. Es kann nicht sein, dass in einem der reichsten L\u00e4nder&hellip; <\/p>\n","protected":false},"author":1,"featured_media":0,"comment_status":"closed","ping_status":"closed","sticky":false,"template":"","format":"standard","meta":{"footnotes":""},"categories":[174,179],"tags":[1024,2421,2418,2417,168,2420,2419,1985,1798,961],"quellen":[1317],"class_list":["post-7199","post","type-post","status-publish","format-standard","hentry","category-arbeit-und-soziales","category-kinder-und-jugendliche","tag-alleinerziehende","tag-bertelsmann-studie","tag-hart-iv","tag-kinderarmut","tag-kinderbetreuung","tag-kinderfreibetraege","tag-kindergeld","tag-kindergrundsicherung","tag-kinderzuschlag","tag-spd-landtagsfraktion","quellen-mdl-sonja-bongers"],"_links":{"self":[{"href":"https:\/\/meier-gerdingh.de\/wp-spd-ob\/wp-json\/wp\/v2\/posts\/7199","targetHints":{"allow":["GET"]}}],"collection":[{"href":"https:\/\/meier-gerdingh.de\/wp-spd-ob\/wp-json\/wp\/v2\/posts"}],"about":[{"href":"https:\/\/meier-gerdingh.de\/wp-spd-ob\/wp-json\/wp\/v2\/types\/post"}],"author":[{"embeddable":true,"href":"https:\/\/meier-gerdingh.de\/wp-spd-ob\/wp-json\/wp\/v2\/users\/1"}],"replies":[{"embeddable":true,"href":"https:\/\/meier-gerdingh.de\/wp-spd-ob\/wp-json\/wp\/v2\/comments?post=7199"}],"version-history":[{"count":0,"href":"https:\/\/meier-gerdingh.de\/wp-spd-ob\/wp-json\/wp\/v2\/posts\/7199\/revisions"}],"wp:attachment":[{"href":"https:\/\/meier-gerdingh.de\/wp-spd-ob\/wp-json\/wp\/v2\/media?parent=7199"}],"wp:term":[{"taxonomy":"category","embeddable":true,"href":"https:\/\/meier-gerdingh.de\/wp-spd-ob\/wp-json\/wp\/v2\/categories?post=7199"},{"taxonomy":"post_tag","embeddable":true,"href":"https:\/\/meier-gerdingh.de\/wp-spd-ob\/wp-json\/wp\/v2\/tags?post=7199"},{"taxonomy":"quellen","embeddable":true,"href":"https:\/\/meier-gerdingh.de\/wp-spd-ob\/wp-json\/wp\/v2\/quellen?post=7199"}],"curies":[{"name":"wp","href":"https:\/\/api.w.org\/{rel}","templated":true}]}}