{"id":7200,"date":"2020-07-22T19:17:11","date_gmt":"2020-07-22T17:17:11","guid":{"rendered":"https:\/\/meier-gerdingh.de\/wp-spd-ob\/?p=7200"},"modified":"2020-07-22T19:23:33","modified_gmt":"2020-07-22T17:23:33","slug":"entlassungen-bei-man-verhindern","status":"publish","type":"post","link":"https:\/\/meier-gerdingh.de\/wp-spd-ob\/2020\/07\/22\/entlassungen-bei-man-verhindern\/","title":{"rendered":"Entlassungen bei MAN verhindern!"},"content":{"rendered":"<p>&#8222;Das ist ein schwerer Schlag f\u00fcr die Besch\u00e4ftigten und ihre Familien, f\u00fcr Sterkrade und f\u00fcr ganz Oberhausen&#8220;, erkl\u00e4rt der OB-Kandidat der SPD, Thorsten Berg, zum angek\u00fcndigten Arbeitsplatzabbau bei MAN Energy Solutions SE. Nun gehe es zun\u00e4chst darum, niemanden in die Arbeitslosigkeit fallen zu lassen. &#8222;MAN hat in der Vergangenheit an diesem Standort und mit diesen Mitarbeiterinnen und Mitarbeitern gutes Geld verdient. Da ist das Unternehmen es den Menschen schuldig, alles daf\u00fcr zu tun, dass es nicht zu Entlassungen kommt.&#8220;<\/p>\n<p>Die Hiobsbotschaft von der Steinbrinkstra\u00dfe erreicht Stadt und Politik in denkbar schlechten Zeiten, wei\u00df der OB-Kandidat: &#8222;Unsere Wirtschaft leidet bereits unter den Folgen der Corona-Krise, die in G\u00e4nze noch gar nicht absehbar sind. Da schmerzt der Verlust von so vielen guten Arbeitspl\u00e4tzen umso mehr&#8220;, so Thorsten Berg. Nun gelte es, um die verbliebenen Industriearbeitspl\u00e4tze bei MAN zu k\u00e4mpfen.<!--more--><\/p>\n<p>&#8222;Auf Antrag der SPD-Fraktion ist die Stadtverwaltung mit der Einberufung einer Wasserstoffkonferenz beauftragt worden \u2013 auch, um Industriearbeitspl\u00e4tze in Oberhausen zukunftsfest zu machen&#8220;, erkl\u00e4rt Berg.<\/p>\n<p>&#8222;Die traurige Nachricht aus Sterkrade zeigt uns, wie wichtig es f\u00fcr unsere Stadt ist, hier einen Standort f\u00fcr die Forschung, Produktion und Nutzung von gr\u00fcnem Wasserstoff aufzubauen. Dieses Projekt muss jetzt in der Politik und der Wirtschaftsf\u00f6rderung oberste Priorit\u00e4t bekommen&#8220;, fordert Thorsten Berg.<\/p>\n","protected":false},"excerpt":{"rendered":"<p>&#8222;Das ist ein schwerer Schlag f\u00fcr die Besch\u00e4ftigten und ihre Familien, f\u00fcr Sterkrade und f\u00fcr ganz Oberhausen&#8220;, erkl\u00e4rt der OB-Kandidat der SPD, Thorsten Berg, zum angek\u00fcndigten Arbeitsplatzabbau bei MAN Energy&hellip; <\/p>\n","protected":false},"author":1,"featured_media":0,"comment_status":"closed","ping_status":"closed","sticky":false,"template":"","format":"standard","meta":{"footnotes":""},"categories":[174,311],"tags":[1075,2378,1450,1750,2422,46,2423,15],"quellen":[327],"class_list":["post-7200","post","type-post","status-publish","format-standard","hentry","category-arbeit-und-soziales","category-wirtschaft","tag-arbeitsplatzabbau","tag-corona-wirtschaftskrise","tag-industriearbeitsplaetze","tag-man","tag-man-energy-solutions-se","tag-sterkrade","tag-wasserstoff-wirtschaft","tag-wirtschaftsfoerderung","quellen-spd-unterbezirk-oberhausen"],"_links":{"self":[{"href":"https:\/\/meier-gerdingh.de\/wp-spd-ob\/wp-json\/wp\/v2\/posts\/7200","targetHints":{"allow":["GET"]}}],"collection":[{"href":"https:\/\/meier-gerdingh.de\/wp-spd-ob\/wp-json\/wp\/v2\/posts"}],"about":[{"href":"https:\/\/meier-gerdingh.de\/wp-spd-ob\/wp-json\/wp\/v2\/types\/post"}],"author":[{"embeddable":true,"href":"https:\/\/meier-gerdingh.de\/wp-spd-ob\/wp-json\/wp\/v2\/users\/1"}],"replies":[{"embeddable":true,"href":"https:\/\/meier-gerdingh.de\/wp-spd-ob\/wp-json\/wp\/v2\/comments?post=7200"}],"version-history":[{"count":0,"href":"https:\/\/meier-gerdingh.de\/wp-spd-ob\/wp-json\/wp\/v2\/posts\/7200\/revisions"}],"wp:attachment":[{"href":"https:\/\/meier-gerdingh.de\/wp-spd-ob\/wp-json\/wp\/v2\/media?parent=7200"}],"wp:term":[{"taxonomy":"category","embeddable":true,"href":"https:\/\/meier-gerdingh.de\/wp-spd-ob\/wp-json\/wp\/v2\/categories?post=7200"},{"taxonomy":"post_tag","embeddable":true,"href":"https:\/\/meier-gerdingh.de\/wp-spd-ob\/wp-json\/wp\/v2\/tags?post=7200"},{"taxonomy":"quellen","embeddable":true,"href":"https:\/\/meier-gerdingh.de\/wp-spd-ob\/wp-json\/wp\/v2\/quellen?post=7200"}],"curies":[{"name":"wp","href":"https:\/\/api.w.org\/{rel}","templated":true}]}}