{"id":7213,"date":"2020-07-29T13:06:35","date_gmt":"2020-07-29T11:06:35","guid":{"rendered":"https:\/\/meier-gerdingh.de\/wp-spd-ob\/?p=7213"},"modified":"2020-08-05T14:11:02","modified_gmt":"2020-08-05T12:11:02","slug":"wir-muessen-die-city-neu-erfinden","status":"publish","type":"post","link":"https:\/\/meier-gerdingh.de\/wp-spd-ob\/2020\/07\/29\/wir-muessen-die-city-neu-erfinden\/","title":{"rendered":"Wir m\u00fcssen die City neu erfinden"},"content":{"rendered":"<div id=\"attachment_7211\" style=\"width: 710px\" class=\"wp-caption aligncenter\"><a href=\"https:\/\/meier-gerdingh.de\/wp-spd-ob\/wp-content\/uploads\/2020\/07\/thorsten-berg-team-mitte-lg.jpg\"><img aria-describedby=\"caption-attachment-7211\" decoding=\"async\" class=\"size-full wp-image-7211\" src=\"https:\/\/meier-gerdingh.de\/wp-spd-ob\/wp-content\/uploads\/2020\/07\/thorsten-berg-team-mitte.jpg\" alt=\"\" width=\"700\" height=\"354\" srcset=\"https:\/\/meier-gerdingh.de\/wp-spd-ob\/wp-content\/uploads\/2020\/07\/thorsten-berg-team-mitte.jpg 700w, https:\/\/meier-gerdingh.de\/wp-spd-ob\/wp-content\/uploads\/2020\/07\/thorsten-berg-team-mitte-300x152.jpg 300w\" sizes=\"(max-width: 700px) 100vw, 700px\" \/><\/a><p id=\"caption-attachment-7211\" class=\"wp-caption-text\">Sie machten sich gemeinsam ein Bild von der Marktstra\u00dfe (von links): Christiane Gerster-Schmidt (Kandidatin BV Alt-OB), Gianni Virgallita (Kandidat Stadtmitte-S\u00fcd), OB-Kandidat Thorsten Berg, Axel J. Scherer (Kandidat Stadtmitte-Nord) Phillip Kirchstein (Inhaber der &#8222;Homebar&#8220; an der Lothringer Stra\u00dfe) und Uwe Muth (Veranstalter)<\/p><\/div>\n<p>Immobilienleerst\u00e4nde, Gesch\u00e4ftsschlie\u00dfungen, verdreckte Wege und Stra\u00dfen: Die Probleme in den Stadtteilzentren von Oberhausen sind immer wieder \u00e4hnlich, wenn auch unterschiedlich stark ausgepr\u00e4gt. &#8222;Schaut man sich die Resultate des Stadtteil-Checks der WAZ gerade f\u00fcr die Oberhausener Innenstadt an, werden unsere Probleme doch ganz offensichtlich: In den Kategorien Gemeinschaft und Sauberkeit rangiert die Mitte abgeschlagen ganz weit hinten, auch in den Bereichen Sicherheit und Freizeit schneidet die alte Mitte deutlich schlechter als der Durchschnitt von Oberhausen ab&#8220;, erkl\u00e4rt Thorsten Berg, OB-Kandidat der Oberhausener SPD. Hier offenbare sich immenser Handlungsbedarf.<\/p>\n<p>Gemeinsam mit den Ratskandidaten f\u00fcr die Innenstadt, Axel J. Scherer und Gianni Virgallita, sowie der Sprecherin der SPD-Fraktion in der Bezirksvertretung Alt-Oberhausen, Christiane Gerster-Schmidt, hat Thorsten Berg L\u00f6sungsans\u00e4tze im Gespr\u00e4ch mit Akteuren aus der City skizziert.<!--more--><\/p>\n<p>&#8222;Es ist nicht mit kosmetischen Aufh\u00fcbschungen an einigen Ecken getan, wir m\u00fcssen das Konzept der Innenstadt endlich neu denken und umsetzen&#8220;, fordert Berg. &#8222;Dass wir mehr Gr\u00fcn und mehr Luft in unseren Innenst\u00e4dten brauchen, dass wir uns \u00fcber die Zukunft von \u00fcbersch\u00fcssiger Fl\u00e4che f\u00fcr den Handel Gedanken machen m\u00fcssen, sind ja keine g\u00e4nzlich neuen Gedanken. Aber nun ist es endlich an der Zeit, sie umzusetzen&#8220;, kritisiert Berg den Stillstand in Oberhausen.<\/p>\n<h3 class=\"spd-ob-crossheading\">Dreiklang von Leben, Handel und Arbeit<\/h3>\n<p>Die Zukunft der modernen Stadtmitte liegt jedenfalls nicht ausschlie\u00dflich im Einzelhandel. Lebenswerte Innenst\u00e4dte, die gr\u00fcner und durchl\u00e4ssiger sind; Wohnprojekte f\u00fcr Senioren, die auf Gesch\u00e4fte des t\u00e4glichen Lebens in direkter N\u00e4he angewiesen sind, geh\u00f6ren ebenso dazu wie Wohnungen f\u00fcr junge Leute, f\u00fcr Studierende der umliegenden Unis zum Beispiel. &#8222;Gastronomie, Fachhandel und Arbeitspl\u00e4tze f\u00fcr Gr\u00fcnder und junge Unternehmen in einem gesunden Mix, dazu noch lebenswertes und bezahlbares Wohnen: so sieht f\u00fcr mich die Innenstadt der Zukunft aus&#8220;, erkl\u00e4rt Thorsten Berg.<\/p>\n<p>Denkverbote d\u00fcrfe es dabei nicht geben. &#8222;Die Verk\u00fcrzung der Marktstra\u00dfe als Einkaufsstra\u00dfe ist eine Option, das bedeutet auch die Verkleinerung der Fu\u00dfg\u00e4ngerzone&#8220;, erkl\u00e4rt Berg. &#8222;Wir k\u00f6nnten so den Weg frei machen f\u00fcr den Radverkehr in der City und f\u00fcr den \u00d6PNV, der dort mit Kleinbussen eine Rundstrecke bedienen k\u00f6nnte.&#8220; Zudem sei es an der Zeit, die gro\u00dffl\u00e4chige Fl\u00e4chenversiegelung in der Innenstadt zu beseitigen. &#8222;Wenn Teile des Pflasters verschwinden f\u00fcr Beete und weitere Gr\u00fcnanlagen, t\u00e4te das der Innenstadt unheimlich gut&#8220;, so der OB-Kandidat.<\/p>\n<p>Mit der Neugestaltung k\u00f6nnte es schon bald losgehen: Die Landesregierung NRW stellt schlie\u00dflich F\u00f6rdermittel in H\u00f6he von 70 Millionen Euro zur Verf\u00fcgung, um von Leerstand und Schlie\u00dfungen in Handel und Gastronomie betroffene St\u00e4dte zu unterst\u00fctzen. &#8222;Es gibt eine F\u00f6rderung des Landes und es gibt die Notwendigkeit, endlich etwas gegen das Abrutschen unserer Innenst\u00e4dte zu tun&#8220;, erkl\u00e4rt Thorsten Berg. &#8222;Passivit\u00e4t k\u00f6nnen wir uns nicht mehr leisten.&#8220;<\/p>\n","protected":false},"excerpt":{"rendered":"<p>Immobilienleerst\u00e4nde, Gesch\u00e4ftsschlie\u00dfungen, verdreckte Wege und Stra\u00dfen: Die Probleme in den Stadtteilzentren von Oberhausen sind immer wieder \u00e4hnlich, wenn auch unterschiedlich stark ausgepr\u00e4gt. &#8222;Schaut man sich die Resultate des Stadtteil-Checks der&hellip; <\/p>\n","protected":false},"author":1,"featured_media":0,"comment_status":"closed","ping_status":"closed","sticky":false,"template":"","format":"standard","meta":{"footnotes":""},"categories":[16,167],"tags":[198,2429,2379,847,2428,359,447,1082,251,55,2430,114,2427,1776,2323],"quellen":[327],"class_list":["post-7213","post","type-post","status-publish","format-standard","hentry","category-stadtentwicklung","category-stadtteile","tag-city-alt-oberhausen","tag-fussgaengerzone","tag-gastronomie","tag-gruenflaechen","tag-handel","tag-innenstadt-alt-oberhausen","tag-leerstaende","tag-marktstrasse","tag-ob-kandidat","tag-oepnv","tag-pflaster-marktstrasse","tag-sauberkeit","tag-stadtteil-check-waz","tag-stadtteilzentren","tag-thorsten-berg","quellen-spd-unterbezirk-oberhausen"],"_links":{"self":[{"href":"https:\/\/meier-gerdingh.de\/wp-spd-ob\/wp-json\/wp\/v2\/posts\/7213","targetHints":{"allow":["GET"]}}],"collection":[{"href":"https:\/\/meier-gerdingh.de\/wp-spd-ob\/wp-json\/wp\/v2\/posts"}],"about":[{"href":"https:\/\/meier-gerdingh.de\/wp-spd-ob\/wp-json\/wp\/v2\/types\/post"}],"author":[{"embeddable":true,"href":"https:\/\/meier-gerdingh.de\/wp-spd-ob\/wp-json\/wp\/v2\/users\/1"}],"replies":[{"embeddable":true,"href":"https:\/\/meier-gerdingh.de\/wp-spd-ob\/wp-json\/wp\/v2\/comments?post=7213"}],"version-history":[{"count":0,"href":"https:\/\/meier-gerdingh.de\/wp-spd-ob\/wp-json\/wp\/v2\/posts\/7213\/revisions"}],"wp:attachment":[{"href":"https:\/\/meier-gerdingh.de\/wp-spd-ob\/wp-json\/wp\/v2\/media?parent=7213"}],"wp:term":[{"taxonomy":"category","embeddable":true,"href":"https:\/\/meier-gerdingh.de\/wp-spd-ob\/wp-json\/wp\/v2\/categories?post=7213"},{"taxonomy":"post_tag","embeddable":true,"href":"https:\/\/meier-gerdingh.de\/wp-spd-ob\/wp-json\/wp\/v2\/tags?post=7213"},{"taxonomy":"quellen","embeddable":true,"href":"https:\/\/meier-gerdingh.de\/wp-spd-ob\/wp-json\/wp\/v2\/quellen?post=7213"}],"curies":[{"name":"wp","href":"https:\/\/api.w.org\/{rel}","templated":true}]}}