{"id":722,"date":"2009-08-13T16:00:00","date_gmt":"2009-08-13T14:00:00","guid":{"rendered":"http:\/\/www.meier-gerdingh.de\/spd-oberhausen\/wp\/?p=722"},"modified":"2017-05-16T17:29:54","modified_gmt":"2017-05-16T15:29:54","slug":"oberhausen-ist-auf-einem-gutem-weg","status":"publish","type":"post","link":"https:\/\/meier-gerdingh.de\/wp-spd-ob\/2009\/08\/13\/oberhausen-ist-auf-einem-gutem-weg\/","title":{"rendered":"Oberhausen ist auf einem gutem Weg"},"content":{"rendered":"<div style=\"width: 210px\" class=\"wp-caption alignleft\"><a href=\"http:\/\/meier-gerdingh.de\/wp-spd-ob\/wp-content\/uploads\/veranstaltung_seniorenwohnen.jpg\"><img decoding=\"async\" class=\"size-full\" src=\"http:\/\/meier-gerdingh.de\/wp-spd-ob\/wp-content\/uploads\/veranstaltung_seniorenwohnen.jpg\" alt=\"M\u00e4chtiger Andrang bei der SPD-Veranstaltung zu alternativen Wohnformen f\u00fcr \u00e4ltere Menschen im B\u00fcrgerzentrum \" width=\"200\" height=\"134\" \/><\/a><p class=\"wp-caption-text\">M\u00e4chtiger Andrang bei der SPD-Veranstaltung zu alternativen Wohnformen f\u00fcr \u00e4ltere Menschen im B\u00fcrgerzentrum &#8222;Alte Heid&#8220;<\/p><\/div>\n<p>&#8222;Oberhausen ist bei den Angeboten f\u00fcr seniorengerechtes Wohnen auf einem guten Weg&#8220;, dieses Fazit zog Prof. Dr. Volker Eichner aus Bochum vor \u00fcber 130 Teilnehmerinnen und Teilnehmern der SPD-Veranstaltung zu alternativen Wohnkonzepten im B\u00fcrgerzentrum Alte Heid. Eichner betonte in seinem Vortrag, dass es nicht die eine Antwort auf alle Fragen zu Wohnangeboten f\u00fcr \u00e4ltere Menschen g\u00e4be, sondern dass es ein vielf\u00e4ltiges Angebot unterschiedlicher Wohnformen geben m\u00fcsse, um den Anspr\u00fcchen \u00e4lter werdender Menschen gerecht zu werden.<!--more--><\/p>\n<p>Ein solch vielf\u00e4ltiges Angebot wurde im Rahmen der Veranstaltung vorgestellt. Die dargestellten Projekte reichten vom &#8222;ServiceWohnen&#8220; des Hauses Abendfrieden \u00fcber das Projekt &#8222;ProWohnen&#8220; am Tackenberg und das Mehrgenerationen-Wohnen von Sterkrader Genossenschaft und AWO in Klosterhardt bis zur Initiative &#8222;WunschWohnen Oberhausen&#8220;.<\/p>\n<p>Die vielf\u00e4ltigen Wohnangebote in Oberhausen sind aus Sicht von Oberb\u00fcrgermeister Klaus Wehling die richtige Antwort auf eine sich ver\u00e4ndernde Gesellschaft. &#8222;Ganz gleich, f\u00fcr welche Wohnformen sich \u00e4ltere M\u00e4nner und Frauen entscheiden wollen, die Weichen zu deren Verwirklichung m\u00fcssen rechtzeitig gestellt werden&#8220;, so Wehling.<\/p>\n<p>Prof. Eichner betonte, dass es einen bunten Strauss von Angeboten geben m\u00fcsse. Ein besonderes Augenmerk sei dabei auf bezahlbaren Wohnraum f\u00fcr breite Schichten der Bev\u00f6lkerung zu legen.<\/p>\n<p>Dies unterstrich auch Olaf Rabsilber von der Sterkrader Wohnungsbaugenossenschaft und betonte die Notwendigkeit von Kooperationen zwischen unterschiedlichen Partnern, um diese Ziele zu erreichen. In Oberhausen g\u00e4be es hierzu viele positive Beispiele.<\/p>\n<p>Josef Bergmann vom Haus Abendfrieden stellte dar, dass in Oberhausen mit dem B\u00fcndnis f\u00fcr Familien, das Oberb\u00fcrgermeister Klaus Wehling im Leben gerufen hat, eine hervorragende Grundlage besteht, die Strukturen f\u00fcr \u00e4ltere Menschen weiter zu verbessern. Zudem verwies er auf die Angebote der Wohnberatung der Stadt, die Menschen aktiv dabei unterst\u00fctzt, m\u00f6glichst lange im gewohnten Wohnumfeld zu leben.<\/p>\n<p>Bezahlbarer Wohnraum auch f\u00fcr \u00e4ltere Menschen, in dem sie solange wie m\u00f6glich selbstst\u00e4ndig leben k\u00f6nnen, ein vielf\u00e4ltiges Wohnraumangebot f\u00fcr unterschiedliche Bed\u00fcrfnisse und ein fl\u00e4chendeckendes Angebot an Pflegepl\u00e4tzen, dies seien die zentralen Ziele der Oberhausener SPD, so der Parteivorsitzende Wolfgang Gro\u00dfe Br\u00f6mer. Die Diskussion habe gezeigt, dass Oberhausen dabei auf einem guten Weg sei. Trotzdem werde die SPD in ihren Anstrengungen nicht nachlassen, \u00e4lteren Menschen in Oberhausen ein selbstbestimmtes Leben zu erm\u00f6glichen.<\/p>\n","protected":false},"excerpt":{"rendered":"<p>&#8222;Oberhausen ist bei den Angeboten f\u00fcr seniorengerechtes Wohnen auf einem guten Weg&#8220;, dieses Fazit zog Prof. Dr. Volker Eichner aus Bochum vor \u00fcber 130 Teilnehmerinnen und Teilnehmern der SPD-Veranstaltung zu&hellip; <\/p>\n","protected":false},"author":1,"featured_media":0,"comment_status":"closed","ping_status":"closed","sticky":false,"template":"","format":"standard","meta":{"footnotes":""},"categories":[1],"tags":[],"quellen":[],"class_list":["post-722","post","type-post","status-publish","format-standard","hentry","category-allgemein"],"_links":{"self":[{"href":"https:\/\/meier-gerdingh.de\/wp-spd-ob\/wp-json\/wp\/v2\/posts\/722","targetHints":{"allow":["GET"]}}],"collection":[{"href":"https:\/\/meier-gerdingh.de\/wp-spd-ob\/wp-json\/wp\/v2\/posts"}],"about":[{"href":"https:\/\/meier-gerdingh.de\/wp-spd-ob\/wp-json\/wp\/v2\/types\/post"}],"author":[{"embeddable":true,"href":"https:\/\/meier-gerdingh.de\/wp-spd-ob\/wp-json\/wp\/v2\/users\/1"}],"replies":[{"embeddable":true,"href":"https:\/\/meier-gerdingh.de\/wp-spd-ob\/wp-json\/wp\/v2\/comments?post=722"}],"version-history":[{"count":0,"href":"https:\/\/meier-gerdingh.de\/wp-spd-ob\/wp-json\/wp\/v2\/posts\/722\/revisions"}],"wp:attachment":[{"href":"https:\/\/meier-gerdingh.de\/wp-spd-ob\/wp-json\/wp\/v2\/media?parent=722"}],"wp:term":[{"taxonomy":"category","embeddable":true,"href":"https:\/\/meier-gerdingh.de\/wp-spd-ob\/wp-json\/wp\/v2\/categories?post=722"},{"taxonomy":"post_tag","embeddable":true,"href":"https:\/\/meier-gerdingh.de\/wp-spd-ob\/wp-json\/wp\/v2\/tags?post=722"},{"taxonomy":"quellen","embeddable":true,"href":"https:\/\/meier-gerdingh.de\/wp-spd-ob\/wp-json\/wp\/v2\/quellen?post=722"}],"curies":[{"name":"wp","href":"https:\/\/api.w.org\/{rel}","templated":true}]}}