{"id":7233,"date":"2020-07-31T17:04:05","date_gmt":"2020-07-31T15:04:05","guid":{"rendered":"https:\/\/meier-gerdingh.de\/wp-spd-ob\/?p=7233"},"modified":"2020-07-31T17:04:55","modified_gmt":"2020-07-31T15:04:55","slug":"manfred-flore-mahnt-neuen-bussgeldkatalog-an","status":"publish","type":"post","link":"https:\/\/meier-gerdingh.de\/wp-spd-ob\/2020\/07\/31\/manfred-flore-mahnt-neuen-bussgeldkatalog-an\/","title":{"rendered":"Manfred Flore mahnt neuen Bu\u00dfgeldkatalog an"},"content":{"rendered":"<div id=\"attachment_5396\" style=\"width: 190px\" class=\"wp-caption alignleft\"><a href=\"https:\/\/meier-gerdingh.de\/wp-spd-ob\/wp-content\/uploads\/2018\/07\/14_flore_manfred_1000.jpg\"><img aria-describedby=\"caption-attachment-5396\" decoding=\"async\" class=\"size-full wp-image-5396\" src=\"https:\/\/meier-gerdingh.de\/wp-spd-ob\/wp-content\/uploads\/2018\/07\/14_flore_manfred.jpg\" alt=\"\" width=\"180\" height=\"180\" srcset=\"https:\/\/meier-gerdingh.de\/wp-spd-ob\/wp-content\/uploads\/2018\/07\/14_flore_manfred.jpg 180w, https:\/\/meier-gerdingh.de\/wp-spd-ob\/wp-content\/uploads\/2018\/07\/14_flore_manfred-150x150.jpg 150w\" sizes=\"(max-width: 180px) 100vw, 180px\" \/><\/a><p id=\"caption-attachment-5396\" class=\"wp-caption-text\">Manfred Flore ist umwelt- und kulturpolitischer Sprecher der SPD-Ratsfraktion<\/p><\/div>\n<p>Angesichts der immer wieder anschwellenden Diskussion um die Stadtsauberkeit in Oberhausen hat der umweltpolitische Sprecher der SPD-Fraktion, Manfred Flore, rascheres Verwaltungshandeln angemahnt.<\/p>\n<p>&#8222;Zum einen wirkt es auf viele B\u00fcrgerinnen und B\u00fcrger doch so, als w\u00fcrden wir uns dieser Probleme nicht annehmen, was nicht stimmt. Zum anderen m\u00fcssen wir unserem Ordnungsdienst endlich ein geeignetes Instrumentarium an die Hand geben, womit man M\u00fclls\u00fcnder wirklich zur Raison bringen kann.&#8220;<!--more--><\/p>\n<p>Dabei bezieht sich Flore auf die Erstellung eines ortsspezifischen Bu\u00dfgeldkatalogs f\u00fcr den Bereich Abfall. Der Auftrag war auf Antrag der SPD einstimmig im Rat beschlossen worden \u2013 im November vergangenen Jahres.<\/p>\n<p>&#8222;Es wird h\u00f6chste Zeit, dass die mutwillige oder gedankenlose Verschmutzung unserer Stadt endlich entsprechend sanktioniert und so vielleicht endlich wirkungsvoll einged\u00e4mmt wird&#8220;, so Flore.<\/p>\n","protected":false},"excerpt":{"rendered":"<p>Angesichts der immer wieder anschwellenden Diskussion um die Stadtsauberkeit in Oberhausen hat der umweltpolitische Sprecher der SPD-Fraktion, Manfred Flore, rascheres Verwaltungshandeln angemahnt. &#8222;Zum einen wirkt es auf viele B\u00fcrgerinnen und&hellip; <\/p>\n","protected":false},"author":1,"featured_media":0,"comment_status":"closed","ping_status":"closed","sticky":false,"template":"","format":"standard","meta":{"footnotes":""},"categories":[29],"tags":[1738,1614,2074,277,2073,114,1843],"quellen":[326],"class_list":["post-7233","post","type-post","status-publish","format-standard","hentry","category-umwelt","tag-abfall","tag-antrag","tag-bussgeldkatalog","tag-kommunaler-ordnungsdienst","tag-muellsuender","tag-sauberkeit","tag-vermuellung","quellen-spd-fraktion-oberhausen"],"_links":{"self":[{"href":"https:\/\/meier-gerdingh.de\/wp-spd-ob\/wp-json\/wp\/v2\/posts\/7233","targetHints":{"allow":["GET"]}}],"collection":[{"href":"https:\/\/meier-gerdingh.de\/wp-spd-ob\/wp-json\/wp\/v2\/posts"}],"about":[{"href":"https:\/\/meier-gerdingh.de\/wp-spd-ob\/wp-json\/wp\/v2\/types\/post"}],"author":[{"embeddable":true,"href":"https:\/\/meier-gerdingh.de\/wp-spd-ob\/wp-json\/wp\/v2\/users\/1"}],"replies":[{"embeddable":true,"href":"https:\/\/meier-gerdingh.de\/wp-spd-ob\/wp-json\/wp\/v2\/comments?post=7233"}],"version-history":[{"count":0,"href":"https:\/\/meier-gerdingh.de\/wp-spd-ob\/wp-json\/wp\/v2\/posts\/7233\/revisions"}],"wp:attachment":[{"href":"https:\/\/meier-gerdingh.de\/wp-spd-ob\/wp-json\/wp\/v2\/media?parent=7233"}],"wp:term":[{"taxonomy":"category","embeddable":true,"href":"https:\/\/meier-gerdingh.de\/wp-spd-ob\/wp-json\/wp\/v2\/categories?post=7233"},{"taxonomy":"post_tag","embeddable":true,"href":"https:\/\/meier-gerdingh.de\/wp-spd-ob\/wp-json\/wp\/v2\/tags?post=7233"},{"taxonomy":"quellen","embeddable":true,"href":"https:\/\/meier-gerdingh.de\/wp-spd-ob\/wp-json\/wp\/v2\/quellen?post=7233"}],"curies":[{"name":"wp","href":"https:\/\/api.w.org\/{rel}","templated":true}]}}