{"id":725,"date":"2009-08-22T16:00:00","date_gmt":"2009-08-22T14:00:00","guid":{"rendered":"http:\/\/www.meier-gerdingh.de\/spd-oberhausen\/wp\/?p=725"},"modified":"2017-05-16T17:29:18","modified_gmt":"2017-05-16T15:29:18","slug":"bundesarbeitsminister-olaf-scholz-ist-hauptredner","status":"publish","type":"post","link":"https:\/\/meier-gerdingh.de\/wp-spd-ob\/2009\/08\/22\/bundesarbeitsminister-olaf-scholz-ist-hauptredner\/","title":{"rendered":"Bundesarbeitsminister Olaf Scholz ist Hauptredner"},"content":{"rendered":"<div style=\"width: 150px\" class=\"wp-caption alignleft\"><a href=\"http:\/\/meier-gerdingh.de\/wp-spd-ob\/wp-content\/uploads\/scholz_olaf.jpg\"><img decoding=\"async\" class=\"size-full\" src=\"http:\/\/meier-gerdingh.de\/wp-spd-ob\/wp-content\/uploads\/scholz_olaf.jpg\" alt=\"Olaf Scholz, Bundesminister f\u00fcr Arbeit und Soziales\" width=\"140\" height=\"182\" \/><\/a><p class=\"wp-caption-text\">Olaf Scholz, Bundesminister f\u00fcr Arbeit und Soziales<\/p><\/div>\n<p>Knapp eine Woche vor der Kommunalwahl k\u00f6nnen die Oberhausener Sozialdemokraten einen weiteren prominenten Gast von der Bundesebene begr\u00fc\u00dfen. Olaf Scholz, Bundesminister f\u00fcr Arbeit und Soziales, ist Hauptredner auf einem UB-Parteitag, der am kommenden Montag, 24.08.2009, in der Luise-Albertz-Halle stattfindet. Olaf Scholz wird \u00fcber das Thema &#8222;Mit Sozialpartnerschaft die Krise meistern&#8220; sprechen.<!--more--><\/p>\n<div class=\"agenda\">\n<p>Vorl\u00e4ufige <b>Tagesordnung<\/b>:<br \/>\n<b>Pr\u00e4sidium:<\/b> Ortsverein Alsfeld-Holten<\/p>\n<ol>\n<li>Er\u00f6ffnung des Parteitages<\/li>\n<li>Konstituierung<br \/>\na) Annahme einer Tagesordnung<br \/>\nb) Annahme einer Gesch\u00e4ftsordnung<br \/>\nc) Wahl einer Versammlungsleitung<br \/>\nd) Wahl einer Mandatspr\u00fcfungskommission<br \/>\ne) Wahl einer Wahlkommission<br \/>\nf) Wahl einer Antragskommission<\/li>\n<li>Genehmigung der Niederschriften des Unterbezirksparteitages und der Wahlkreisdelegiertenkonferenz vom 23. M\u00e4rz 2009<\/li>\n<li>Bericht der Mandatspr\u00fcfungs- und Wahlkommission<\/li>\n<li><b>&#8222;Mit Sozialpartnerschaft die Krise meistern&#8220;<\/b><br \/>\nRede von <b>Olaf Scholz<\/b><br \/>\n&#8211; Bundesminister f\u00fcr Arbeit und Soziales &#8211;<\/li>\n<li>Aussprache<\/li>\n<li>Beratung von Antr\u00e4gen<\/li>\n<li>Abschluss des Unterbezirksparteitages<\/li>\n<\/ol>\n<\/div>\n","protected":false},"excerpt":{"rendered":"<p>Knapp eine Woche vor der Kommunalwahl k\u00f6nnen die Oberhausener Sozialdemokraten einen weiteren prominenten Gast von der Bundesebene begr\u00fc\u00dfen. Olaf Scholz, Bundesminister f\u00fcr Arbeit und Soziales, ist Hauptredner auf einem UB-Parteitag,&hellip; <\/p>\n","protected":false},"author":1,"featured_media":0,"comment_status":"closed","ping_status":"closed","sticky":false,"template":"","format":"standard","meta":{"footnotes":""},"categories":[1],"tags":[],"quellen":[],"class_list":["post-725","post","type-post","status-publish","format-standard","hentry","category-allgemein"],"_links":{"self":[{"href":"https:\/\/meier-gerdingh.de\/wp-spd-ob\/wp-json\/wp\/v2\/posts\/725","targetHints":{"allow":["GET"]}}],"collection":[{"href":"https:\/\/meier-gerdingh.de\/wp-spd-ob\/wp-json\/wp\/v2\/posts"}],"about":[{"href":"https:\/\/meier-gerdingh.de\/wp-spd-ob\/wp-json\/wp\/v2\/types\/post"}],"author":[{"embeddable":true,"href":"https:\/\/meier-gerdingh.de\/wp-spd-ob\/wp-json\/wp\/v2\/users\/1"}],"replies":[{"embeddable":true,"href":"https:\/\/meier-gerdingh.de\/wp-spd-ob\/wp-json\/wp\/v2\/comments?post=725"}],"version-history":[{"count":0,"href":"https:\/\/meier-gerdingh.de\/wp-spd-ob\/wp-json\/wp\/v2\/posts\/725\/revisions"}],"wp:attachment":[{"href":"https:\/\/meier-gerdingh.de\/wp-spd-ob\/wp-json\/wp\/v2\/media?parent=725"}],"wp:term":[{"taxonomy":"category","embeddable":true,"href":"https:\/\/meier-gerdingh.de\/wp-spd-ob\/wp-json\/wp\/v2\/categories?post=725"},{"taxonomy":"post_tag","embeddable":true,"href":"https:\/\/meier-gerdingh.de\/wp-spd-ob\/wp-json\/wp\/v2\/tags?post=725"},{"taxonomy":"quellen","embeddable":true,"href":"https:\/\/meier-gerdingh.de\/wp-spd-ob\/wp-json\/wp\/v2\/quellen?post=725"}],"curies":[{"name":"wp","href":"https:\/\/api.w.org\/{rel}","templated":true}]}}