{"id":727,"date":"2009-08-24T16:00:00","date_gmt":"2009-08-24T14:00:00","guid":{"rendered":"http:\/\/www.meier-gerdingh.de\/spd-oberhausen\/wp\/?p=727"},"modified":"2017-05-16T17:29:11","modified_gmt":"2017-05-16T15:29:11","slug":"pantoffelpark-bleibt","status":"publish","type":"post","link":"https:\/\/meier-gerdingh.de\/wp-spd-ob\/2009\/08\/24\/pantoffelpark-bleibt\/","title":{"rendered":"Pantoffelpark bleibt!"},"content":{"rendered":"<div style=\"width: 150px\" class=\"wp-caption alignleft\"><a href=\"http:\/\/meier-gerdingh.de\/wp-spd-ob\/wp-content\/uploads\/emmerich_karl_heinz_09.jpg\"><img decoding=\"async\" class=\"size-full\" src=\"http:\/\/meier-gerdingh.de\/wp-spd-ob\/wp-content\/uploads\/emmerich_karl_heinz_09.jpg\" alt=\"Karl-Heinz Emmerich ist planungspolitischer Sprecher der SPD-Fraktion und seit 1999 Buschhausener Stadtverordneter\" width=\"140\" height=\"169\" \/><\/a><p class=\"wp-caption-text\">Karl-Heinz Emmerich ist planungspolitischer Sprecher der SPD-Fraktion und seit 1999 Buschhausener Stadtverordneter<\/p><\/div>\n<p><i>Zu aktuellen Spekulationen \u00fcber die Zukunft des Pantoffelparks an der Brinkstra\u00dfe in Buschhausen erkl\u00e4rt der planungspolitische Sprecher der SPD-Fraktion und Buschhausener Stadtverordnete Karl-Heinz Emmerich:<\/i><\/p>\n<p>&#8222;Zurzeit kursiert eine interne Planungsvariante zur Verlagerung des Sportplatzes von der Gudrunstra\u00dfe zum Pantoffelpark. Diese Vorplanung ist bisher nicht den Ratsgremien vorgelegt worden.<!--more--><\/p>\n<p>F\u00fcr die SPD-Fraktion kann ich aber jetzt schon feststellen:<\/p>\n<p>Eine Umsetzung dieser Planung w\u00fcrde erhebliche Fl\u00e4chen des Pantoffelparks in Anspruch nehmen, so dass die bisherige Nutzungsvielfalt der Parkanlage nicht mehr m\u00f6glich w\u00e4re. Derzeit wird der Park mit Bauernhof und Pferdekoppel f\u00fcr Freizeitsport, Hobbykicker, Sch\u00fctzenfest, Hundeauslauf und zur Naherholung genutzt.<\/p>\n<p>Diese \u00f6ffentliche Gr\u00fcnanlage als wichtiges Naherholungsgebiet ist \u00fcbrigens erst k\u00fcrzlich im neu beschlossenen Stadtentwicklungskonzept und im regionalen Fl\u00e4chennutzungsplan planungsrechtlich gesichert worden.<\/p>\n<p>Und das soll auch so bleiben. Der Pantoffelpark bleibt als \u00f6ffentliche Gr\u00fcnfl\u00e4che erhalten.&#8220;<\/p>\n","protected":false},"excerpt":{"rendered":"<p>Zu aktuellen Spekulationen \u00fcber die Zukunft des Pantoffelparks an der Brinkstra\u00dfe in Buschhausen erkl\u00e4rt der planungspolitische Sprecher der SPD-Fraktion und Buschhausener Stadtverordnete Karl-Heinz Emmerich: &#8222;Zurzeit kursiert eine interne Planungsvariante zur&hellip; <\/p>\n","protected":false},"author":1,"featured_media":0,"comment_status":"closed","ping_status":"closed","sticky":false,"template":"","format":"standard","meta":{"footnotes":""},"categories":[1],"tags":[],"quellen":[],"class_list":["post-727","post","type-post","status-publish","format-standard","hentry","category-allgemein"],"_links":{"self":[{"href":"https:\/\/meier-gerdingh.de\/wp-spd-ob\/wp-json\/wp\/v2\/posts\/727","targetHints":{"allow":["GET"]}}],"collection":[{"href":"https:\/\/meier-gerdingh.de\/wp-spd-ob\/wp-json\/wp\/v2\/posts"}],"about":[{"href":"https:\/\/meier-gerdingh.de\/wp-spd-ob\/wp-json\/wp\/v2\/types\/post"}],"author":[{"embeddable":true,"href":"https:\/\/meier-gerdingh.de\/wp-spd-ob\/wp-json\/wp\/v2\/users\/1"}],"replies":[{"embeddable":true,"href":"https:\/\/meier-gerdingh.de\/wp-spd-ob\/wp-json\/wp\/v2\/comments?post=727"}],"version-history":[{"count":0,"href":"https:\/\/meier-gerdingh.de\/wp-spd-ob\/wp-json\/wp\/v2\/posts\/727\/revisions"}],"wp:attachment":[{"href":"https:\/\/meier-gerdingh.de\/wp-spd-ob\/wp-json\/wp\/v2\/media?parent=727"}],"wp:term":[{"taxonomy":"category","embeddable":true,"href":"https:\/\/meier-gerdingh.de\/wp-spd-ob\/wp-json\/wp\/v2\/categories?post=727"},{"taxonomy":"post_tag","embeddable":true,"href":"https:\/\/meier-gerdingh.de\/wp-spd-ob\/wp-json\/wp\/v2\/tags?post=727"},{"taxonomy":"quellen","embeddable":true,"href":"https:\/\/meier-gerdingh.de\/wp-spd-ob\/wp-json\/wp\/v2\/quellen?post=727"}],"curies":[{"name":"wp","href":"https:\/\/api.w.org\/{rel}","templated":true}]}}