{"id":728,"date":"2009-10-19T16:00:00","date_gmt":"2009-10-19T14:00:00","guid":{"rendered":"http:\/\/www.meier-gerdingh.de\/spd-oberhausen\/wp\/?p=728"},"modified":"2017-05-16T17:28:55","modified_gmt":"2017-05-16T15:28:55","slug":"oberhausener-spd-entscheidet-ueber-koalitionsvertrag-und-nominiert-landtagskandidaten","status":"publish","type":"post","link":"https:\/\/meier-gerdingh.de\/wp-spd-ob\/2009\/10\/19\/oberhausener-spd-entscheidet-ueber-koalitionsvertrag-und-nominiert-landtagskandidaten\/","title":{"rendered":"Oberhausener SPD entscheidet \u00fcber Koalitionsvertrag und nominiert Landtagskandidaten"},"content":{"rendered":"<p>Volles Programm f\u00fcr den UB-Parteitag der Oberhausener SPD: Am kommenden Montag, 26.10.2009, werden die Delegierten in der Luise-Albertz-Halle nicht nur abschlie\u00dfend \u00fcber den Koalitionsvertrag mit B\u00fcndnis 90\/DIE GR\u00dcNEN entscheiden, sondern auch die Kandidatinnen oder Kandidaten f\u00fcr die Landtagswahlkreise 055 (Oberhausen I) und 056 (Oberhausen II\/Wesel I) nominieren. Au\u00dferdem steht die Wahl der Delegierten f\u00fcr die Landesdelegiertenkonferenz zur Aufstellung der Landesliste der NRWSPD f\u00fcr die Landtagswahl 2010 auf der Tagesordnung. In der anschlie\u00dfenden Wahlkreisdelegiertenkonferenz erfolgt dann die Wahl der Kandidatin bzw. des Kandidaten zur Kandidatur im Landtagswahlkreis 055 (Oberhausen I). Die Kandidatin bzw. der Kandidat f\u00fcr den Landtagswahlkreis Oberhausen II \/ Wesel I wird in einer gemeinsamen Wahlkreisdelegiertenkonferenz mit der Dinslakener SPD am 30. November 2009 gew\u00e4hlt.<!--more--><\/p>\n<div class=\"agenda\">Vorl\u00e4ufige <b>Tagesordnung f\u00fcr den UB-Parteitag<\/b>:<br \/>\n<b>Pr\u00e4sidium: <\/b>Ortsverein Oberhausen-Mitte<\/p>\n<ol>\n<li>Er\u00f6ffnung des Parteitages<\/li>\n<li>Konstituierung<br \/>\na) Annahme einer Tagesordnung<br \/>\nb) Annahme einer Gesch\u00e4ftsordnung<br \/>\nc) Wahl einer Versammlungsleitung<br \/>\nd) Wahl einer Mandatspr\u00fcfungskommission<br \/>\ne) Wahl einer Wahlkommission<br \/>\nf) Wahl einer Antragskommission<\/li>\n<li>Genehmigung der Niederschriften des Unterbezirksparteitages vom 24. August 2009<\/li>\n<li>Bericht der Mandatspr\u00fcfungs- und Wahlkommission<\/li>\n<li>Aussprache<\/li>\n<li>a) Nominierung einer Kandidatin \/ eines Kandidaten f\u00fcr den Landtagswahlkreis 055 (Oberhausen I)b) Nominierung einer Kandidatin \/ eines Kandidaten f\u00fcr den Landtagswahlkreis 056 (Oberhausen II \/ Wesel I)<\/li>\n<li>Beratung und Entscheidung Koalitionsvertrag<\/li>\n<li>Beratung von Antr\u00e4gen<\/li>\n<li>Abschluss des Parteitages<\/li>\n<\/ol>\n<\/div>\n<div class=\"agenda\">\n<p>Vorl\u00e4ufige <b>Tagesordnung f\u00fcr die Unterbezirks-Delegiertenkonferenz<\/b>:<\/p>\n<ol>\n<li>Er\u00f6ffnung der UB-Delegiertenkonferenz<\/li>\n<li>Konstituierung<br \/>\na) Annahme einer Tagesordnung<br \/>\nb) Annahme einer Gesch\u00e4ftsordnung<br \/>\nc) Wahl einer Versammlungsleitung<br \/>\nd) Wahl einer Mandatspr\u00fcfungskommission<br \/>\ne) Wahl einer Wahlkommission<\/li>\n<li>Bericht der Mandatspr\u00fcfungs- und Wahlkommission<\/li>\n<li>Wahl der voraussichtlich sieben Delegierten und Ersatzdelegierten zur Landesdelegiertenkonferenz am 27.02.2010 zur Aufstellung der Landesliste der NRWSPD f\u00fcr die Landtagswahl 2010<\/li>\n<li>Abschluss der UB-Delegiertenkonferenz<\/li>\n<\/ol>\n<\/div>\n<div class=\"agenda\">\n<p>Vorl\u00e4ufige <b>Tagesordnung f\u00fcr die Wahlkreisdelegiertenkonferenz zur Wahl der Kandidatin \/ des Kandidaten f\u00fcr die Landtagswahl 2010 im Wahlkreis 055 (Oberhausen I)<\/b>:<\/p>\n<ol>\n<li>Er\u00f6ffnung der Wahlkreisdelegiertenkonferenz<\/li>\n<li>Konstituierung<br \/>\na) Annahme einer Tagesordnung<br \/>\nb) Annahme einer Gesch\u00e4ftsordnung<br \/>\nc) Wahl einer \/ eines Versammlungsleiterin \/ -leiters<br \/>\nd) Wahl einer \/ eines Schriftf\u00fchrerin \/ -f\u00fchrers<br \/>\ne) Wahl einer Wahlkommission<br \/>\nf) Wahl einer Mandatspr\u00fcfungskommission<\/li>\n<li>Bericht der Mandatspr\u00fcfungs- und Wahlkommission<\/li>\n<li>Best\u00e4tigung der Formalit\u00e4ten gem\u00e4\u00df den Bestimmungen des Landeswahlgesetzes<\/li>\n<li>Wahl einer Vertrauensperson und einer stellvertretenden Vertrauensperson f\u00fcr den Wahlvorschlag<\/li>\n<li>Wahl von zwei Personen zur Abgabe der eidesstattllichen Versicherung<\/li>\n<li><b>Wahlen:<br \/>\nWahl der Kandidatin bzw. des Kandidaten zur Kandidatur im Landtagswahlkreis 055 &#8211; Oberhausen I (kreisfreie Stadt Oberhausen, Stadtbezirke Alt-Oberhausen und Osterfeld)<\/b><\/li>\n<li>Beschluss der Niederschrift<\/li>\n<li>Abschluss des Parteitages<\/li>\n<\/ol>\n<\/div>\n","protected":false},"excerpt":{"rendered":"<p>Volles Programm f\u00fcr den UB-Parteitag der Oberhausener SPD: Am kommenden Montag, 26.10.2009, werden die Delegierten in der Luise-Albertz-Halle nicht nur abschlie\u00dfend \u00fcber den Koalitionsvertrag mit B\u00fcndnis 90\/DIE GR\u00dcNEN entscheiden, sondern&hellip; <\/p>\n","protected":false},"author":1,"featured_media":0,"comment_status":"closed","ping_status":"closed","sticky":false,"template":"","format":"standard","meta":{"footnotes":""},"categories":[1],"tags":[],"quellen":[],"class_list":["post-728","post","type-post","status-publish","format-standard","hentry","category-allgemein"],"_links":{"self":[{"href":"https:\/\/meier-gerdingh.de\/wp-spd-ob\/wp-json\/wp\/v2\/posts\/728","targetHints":{"allow":["GET"]}}],"collection":[{"href":"https:\/\/meier-gerdingh.de\/wp-spd-ob\/wp-json\/wp\/v2\/posts"}],"about":[{"href":"https:\/\/meier-gerdingh.de\/wp-spd-ob\/wp-json\/wp\/v2\/types\/post"}],"author":[{"embeddable":true,"href":"https:\/\/meier-gerdingh.de\/wp-spd-ob\/wp-json\/wp\/v2\/users\/1"}],"replies":[{"embeddable":true,"href":"https:\/\/meier-gerdingh.de\/wp-spd-ob\/wp-json\/wp\/v2\/comments?post=728"}],"version-history":[{"count":0,"href":"https:\/\/meier-gerdingh.de\/wp-spd-ob\/wp-json\/wp\/v2\/posts\/728\/revisions"}],"wp:attachment":[{"href":"https:\/\/meier-gerdingh.de\/wp-spd-ob\/wp-json\/wp\/v2\/media?parent=728"}],"wp:term":[{"taxonomy":"category","embeddable":true,"href":"https:\/\/meier-gerdingh.de\/wp-spd-ob\/wp-json\/wp\/v2\/categories?post=728"},{"taxonomy":"post_tag","embeddable":true,"href":"https:\/\/meier-gerdingh.de\/wp-spd-ob\/wp-json\/wp\/v2\/tags?post=728"},{"taxonomy":"quellen","embeddable":true,"href":"https:\/\/meier-gerdingh.de\/wp-spd-ob\/wp-json\/wp\/v2\/quellen?post=728"}],"curies":[{"name":"wp","href":"https:\/\/api.w.org\/{rel}","templated":true}]}}