{"id":730,"date":"2009-11-10T17:00:00","date_gmt":"2009-11-10T15:00:00","guid":{"rendered":"http:\/\/www.meier-gerdingh.de\/spd-oberhausen\/wp\/?p=730"},"modified":"2017-05-16T17:28:32","modified_gmt":"2017-05-16T15:28:32","slug":"michael-groschek-fuer-verteidigungsausschuss-benannt","status":"publish","type":"post","link":"https:\/\/meier-gerdingh.de\/wp-spd-ob\/2009\/11\/10\/michael-groschek-fuer-verteidigungsausschuss-benannt\/","title":{"rendered":"Michael Groschek f\u00fcr Verteidigungsausschuss benannt"},"content":{"rendered":"<div style=\"width: 150px\" class=\"wp-caption alignleft\"><a href=\"http:\/\/meier-gerdingh.de\/wp-spd-ob\/wp-content\/uploads\/groschek_michael_09.jpg\"><img decoding=\"async\" class=\"size-full\" src=\"http:\/\/meier-gerdingh.de\/wp-spd-ob\/wp-content\/uploads\/groschek_michael_09.jpg\" alt=\"Michael Groschek ist Generalsekret\u00e4r der NRWSPD und Bundestagsabgeordneter f\u00fcr Oberhausen und Dinslaken\" width=\"140\" height=\"186\" \/><\/a><p class=\"wp-caption-text\">Michael Groschek ist Generalsekret\u00e4r der NRWSPD und Bundestagsabgeordneter f\u00fcr Oberhausen und Dinslaken<\/p><\/div>\n<p>Gleich zu Beginn seiner neuen T\u00e4tigkeit wird Michael Groschek, frisch gew\u00e4hlter Bundestagsabgeordneter f\u00fcr Oberhausen und Dinslaken, die SPD-Fraktion in einem der wichtigsten Aussch\u00fcsse des Deutschen Bundestages vertreten. Wie am Rande der heutigen Plenarsitzung in Berlin bekannt wurde, soll der ehemalige Zeitsoldat der Marine am Nachmittag zum ordentlichen Mitglied im Verteidigungsausschuss berufen werden. Als stellvertretendes Mitglied ist Groschek f\u00fcr den Ausschuss f\u00fcr Bauen, Verkehr und St\u00e4dtebau vorgesehen, der gerade auch f\u00fcr das Ruhrgebiet eine besondere Bedeutung hat.<!--more--><\/p>\n<p>Der Verteidigungsausschuss ist einer der wenigen Aussch\u00fcsse, die vom Grundgesetz zwingend vorgeschrieben sind. Neben der Mitwirkung an der laufenden Gesetzgebung und der Beratung des Verteidigungshaushalts besteht seine wichtigste Aufgabe in der Kontrolle des Verteidigungsministeriums, der Bundeswehr und der Bundeswehrverwaltung. Kein anderer Ausschuss muss sich auch nur ann\u00e4hernd mit einem so gro\u00dfen Teil des Regierungsapparates befassen. Au\u00dferdem hat der Verteidigungsausschuss als einziger Ausschuss das Recht, sich selbst als Untersuchungsausschuss einzusetzen.<\/p>\n<p>&#8222;Ich freue mich sehr auf diese extrem verantwortungsvolle, aber ganz sicher nicht leichte Aufgabe&#8220;, so Groschek in einer ersten Reaktion. &#8222;Gerade vor dem Hintergrund der zunehmend schwieriger werdenden Auslandseins\u00e4tze der Bundeswehr und den damit verbundenen Gefahren f\u00fcr Leib und Leben der Soldaten im Einsatz sind gr\u00f6\u00dfte Sensibilit\u00e4t, politisches Fingerspitzengef\u00fchl und ein Sinn f\u00fcr das Machbare nicht nur gefragt, sondern zwingend gefordert. Ich will alles tun, um diesen Anforderungen von Anfang an gerecht zu werden.&#8220;<\/p>\n<p>Erstmals soll es \u00fcbrigens auch im Bundestag einen Kommunalausschuss geben. Auf Initiative der NRWSPD wird die SPD-Bundestagsfraktion bei der Einsetzung der Aussch\u00fcsse am Nachmittag einen entsprechenden Antrag stellen. Damit soll den Problemen vieler St\u00e4dte und Gemeinden im Lande Rechnung getragen und eine regelm\u00e4\u00dfige Befassung des Bundestages insbesondere mit den finanziellen Auswirkungen seiner Gesetzgebung auf die Kommunen sicher gestellt werden.<\/p>\n","protected":false},"excerpt":{"rendered":"<p>Gleich zu Beginn seiner neuen T\u00e4tigkeit wird Michael Groschek, frisch gew\u00e4hlter Bundestagsabgeordneter f\u00fcr Oberhausen und Dinslaken, die SPD-Fraktion in einem der wichtigsten Aussch\u00fcsse des Deutschen Bundestages vertreten. Wie am Rande&hellip; <\/p>\n","protected":false},"author":1,"featured_media":0,"comment_status":"closed","ping_status":"closed","sticky":false,"template":"","format":"standard","meta":{"footnotes":""},"categories":[1],"tags":[],"quellen":[],"class_list":["post-730","post","type-post","status-publish","format-standard","hentry","category-allgemein"],"_links":{"self":[{"href":"https:\/\/meier-gerdingh.de\/wp-spd-ob\/wp-json\/wp\/v2\/posts\/730","targetHints":{"allow":["GET"]}}],"collection":[{"href":"https:\/\/meier-gerdingh.de\/wp-spd-ob\/wp-json\/wp\/v2\/posts"}],"about":[{"href":"https:\/\/meier-gerdingh.de\/wp-spd-ob\/wp-json\/wp\/v2\/types\/post"}],"author":[{"embeddable":true,"href":"https:\/\/meier-gerdingh.de\/wp-spd-ob\/wp-json\/wp\/v2\/users\/1"}],"replies":[{"embeddable":true,"href":"https:\/\/meier-gerdingh.de\/wp-spd-ob\/wp-json\/wp\/v2\/comments?post=730"}],"version-history":[{"count":0,"href":"https:\/\/meier-gerdingh.de\/wp-spd-ob\/wp-json\/wp\/v2\/posts\/730\/revisions"}],"wp:attachment":[{"href":"https:\/\/meier-gerdingh.de\/wp-spd-ob\/wp-json\/wp\/v2\/media?parent=730"}],"wp:term":[{"taxonomy":"category","embeddable":true,"href":"https:\/\/meier-gerdingh.de\/wp-spd-ob\/wp-json\/wp\/v2\/categories?post=730"},{"taxonomy":"post_tag","embeddable":true,"href":"https:\/\/meier-gerdingh.de\/wp-spd-ob\/wp-json\/wp\/v2\/tags?post=730"},{"taxonomy":"quellen","embeddable":true,"href":"https:\/\/meier-gerdingh.de\/wp-spd-ob\/wp-json\/wp\/v2\/quellen?post=730"}],"curies":[{"name":"wp","href":"https:\/\/api.w.org\/{rel}","templated":true}]}}