{"id":733,"date":"2009-11-18T17:00:00","date_gmt":"2009-11-18T15:00:00","guid":{"rendered":"http:\/\/www.meier-gerdingh.de\/spd-oberhausen\/wp\/?p=733"},"modified":"2017-05-16T17:28:18","modified_gmt":"2017-05-16T15:28:18","slug":"studentenproteste-duerfen-bei-ruettgers-nicht-ins-leere-laufen","status":"publish","type":"post","link":"https:\/\/meier-gerdingh.de\/wp-spd-ob\/2009\/11\/18\/studentenproteste-duerfen-bei-ruettgers-nicht-ins-leere-laufen\/","title":{"rendered":"Studentenproteste d\u00fcrfen bei R\u00fcttgers nicht ins Leere laufen"},"content":{"rendered":"<div style=\"width: 150px\" class=\"wp-caption alignleft\"><a href=\"http:\/\/meier-gerdingh.de\/wp-spd-ob\/wp-content\/uploads\/groschek_michael_09.jpg\"><img decoding=\"async\" class=\"size-full\" src=\"http:\/\/meier-gerdingh.de\/wp-spd-ob\/wp-content\/uploads\/groschek_michael_09.jpg\" alt=\"Michael Groschek ist Generalsekret\u00e4r der NRWSPD\" width=\"140\" height=\"186\" \/><\/a><p class=\"wp-caption-text\">Michael Groschek ist Generalsekret\u00e4r der NRWSPD<\/p><\/div>\n<p><i>Zu den aktuellen Studentenprotesten erkl\u00e4rt Michael Groschek, Generalsekret\u00e4r der NRWSPD:<\/i><\/p>\n<p>&#8222;Die Ignoranz von CDU und FDP in Nordrhein-Westfalen ist die falsche Antwort auf die Proteste der Studentinnen und Studenten. W\u00e4hrend andere schwarz-gelbe Koalitionen bei den Forderungen der Studierenden einlenken, verhalten sich CDU und FDP in Nordrhein-Westfalen wie gewohnt: Sie machen die Schotten dicht. Bundesbildungsministerin Schavan (CDU) plant eine Erh\u00f6hung des Baf\u00f6g und auch der nieders\u00e4chsische Wissenschaftsminister Lutz Stratmann (CDU) zeigt sich zum Umdenken bereit.<!--more--><\/p>\n<p>Anstatt nachzuziehen und \u00fcber sinnvolle Reformen nachzudenken, h\u00f6rt man vom NRW-Ministerpr\u00e4sidenten J\u00fcrgen R\u00fcttgers nur eins: Schweigen. Stattdessen l\u00e4sst er seinen kleineren Koalitionspartner w\u00fcten. Die Aussage des NRW-Wissenschaftsministers Andreas Pinkwart, die Demonstranten w\u00fcrden aus ideologischen Gr\u00fcnden auf die Stra\u00dfe gehen und repr\u00e4sentierten nicht die Mehrheit der Studierenden, ist eine Unversch\u00e4mtheit. Und auch die Kritik an den Protesten durch FDP-Generalsekret\u00e4r Christian Lindner ist mehr als unqualifiziert.<\/p>\n<p>Die Studierenden leiden unter der Einf\u00fchrung der Studiengeb\u00fchren und unter einer grunds\u00e4tzlich richtigen, aber handwerklich fehlerhaften Umstellung auf das Bachelor\/Master-System. Wir fordern die Landesregierung auf, die Kritik der Studierenden ernst zu nehmen. Die Studiengeb\u00fchren geh\u00f6ren abgeschafft. Die neuen Bachelor- und Master-Studieng\u00e4nge m\u00fcssen so ausgestaltet werden, dass die Studierbarkeit und der Zugang zu den Masterstudieng\u00e4ngen gesichert ist. Daf\u00fcr steht die SPD.&#8220;<\/p>\n","protected":false},"excerpt":{"rendered":"<p>Zu den aktuellen Studentenprotesten erkl\u00e4rt Michael Groschek, Generalsekret\u00e4r der NRWSPD: &#8222;Die Ignoranz von CDU und FDP in Nordrhein-Westfalen ist die falsche Antwort auf die Proteste der Studentinnen und Studenten. W\u00e4hrend&hellip; <\/p>\n","protected":false},"author":1,"featured_media":0,"comment_status":"closed","ping_status":"closed","sticky":false,"template":"","format":"standard","meta":{"footnotes":""},"categories":[1],"tags":[],"quellen":[],"class_list":["post-733","post","type-post","status-publish","format-standard","hentry","category-allgemein"],"_links":{"self":[{"href":"https:\/\/meier-gerdingh.de\/wp-spd-ob\/wp-json\/wp\/v2\/posts\/733","targetHints":{"allow":["GET"]}}],"collection":[{"href":"https:\/\/meier-gerdingh.de\/wp-spd-ob\/wp-json\/wp\/v2\/posts"}],"about":[{"href":"https:\/\/meier-gerdingh.de\/wp-spd-ob\/wp-json\/wp\/v2\/types\/post"}],"author":[{"embeddable":true,"href":"https:\/\/meier-gerdingh.de\/wp-spd-ob\/wp-json\/wp\/v2\/users\/1"}],"replies":[{"embeddable":true,"href":"https:\/\/meier-gerdingh.de\/wp-spd-ob\/wp-json\/wp\/v2\/comments?post=733"}],"version-history":[{"count":0,"href":"https:\/\/meier-gerdingh.de\/wp-spd-ob\/wp-json\/wp\/v2\/posts\/733\/revisions"}],"wp:attachment":[{"href":"https:\/\/meier-gerdingh.de\/wp-spd-ob\/wp-json\/wp\/v2\/media?parent=733"}],"wp:term":[{"taxonomy":"category","embeddable":true,"href":"https:\/\/meier-gerdingh.de\/wp-spd-ob\/wp-json\/wp\/v2\/categories?post=733"},{"taxonomy":"post_tag","embeddable":true,"href":"https:\/\/meier-gerdingh.de\/wp-spd-ob\/wp-json\/wp\/v2\/tags?post=733"},{"taxonomy":"quellen","embeddable":true,"href":"https:\/\/meier-gerdingh.de\/wp-spd-ob\/wp-json\/wp\/v2\/quellen?post=733"}],"curies":[{"name":"wp","href":"https:\/\/api.w.org\/{rel}","templated":true}]}}