{"id":736,"date":"2009-11-26T17:00:00","date_gmt":"2009-11-26T15:00:00","guid":{"rendered":"http:\/\/www.meier-gerdingh.de\/spd-oberhausen\/wp\/?p=736"},"modified":"2017-05-16T17:27:37","modified_gmt":"2017-05-16T15:27:37","slug":"streichungen-des-landes-bei-frauenhaeusern-zuruecknehmen","status":"publish","type":"post","link":"https:\/\/meier-gerdingh.de\/wp-spd-ob\/2009\/11\/26\/streichungen-des-landes-bei-frauenhaeusern-zuruecknehmen\/","title":{"rendered":"Streichungen des Landes bei Frauenh\u00e4usern zur\u00fccknehmen"},"content":{"rendered":"<div style=\"width: 150px\" class=\"wp-caption alignleft\"><a href=\"http:\/\/meier-gerdingh.de\/wp-spd-ob\/wp-content\/uploads\/grosse_broemer_wolfgang_09.jpg\"><img decoding=\"async\" class=\"size-full\" src=\"http:\/\/meier-gerdingh.de\/wp-spd-ob\/wp-content\/uploads\/grosse_broemer_wolfgang_09.jpg\" alt=\"Wolfgang Gro\u00dfe Br\u00f6mer ist Vorsitzender der SPD-Ratsfraktion und Mitglied des Landtags NRW\" width=\"140\" height=\"169\" \/><\/a><p class=\"wp-caption-text\">Wolfgang Gro\u00dfe Br\u00f6mer ist Vorsitzender der SPD-Ratsfraktion und Mitglied des Landtags NRW<\/p><\/div>\n<p>&#8222;&amp;039;Der Schutz von Frauen hat f\u00fcr uns h\u00f6chste Priorit\u00e4t&amp;039;, dieser Aussage der CDU zur F\u00f6rderung des Oberhausener Frauenhauses stimmt die SPD ausdr\u00fccklich zu. Allerdings ist es vollkommen unverst\u00e4ndlich, dass die CDU vor dem Hintergrund einer solchen Aussage die K\u00fcrzungspolitik der Landesregierung gegen\u00fcber den Frauenh\u00e4usern sch\u00f6n reden will&#8220;, das erkl\u00e4rt der Oberhausener Landtagsabgeordnete und SPD-Vorsitzende Wolfgang Gro\u00dfe Br\u00f6mer.<!--more--><\/p>\n<p>Tatsache sei, dass die Landesregierung den Frauenh\u00e4usern die F\u00f6rderung der vierten Stelle gestrichen habe. Dies f\u00fchre in vielen St\u00e4dten zu erheblichen Einschr\u00e4nkungen von Betreuungszeiten f\u00fcr betroffene Frauen. In Oberhausen seien die K\u00fcrzungen des Landes durch erh\u00f6hte Tagess\u00e4tze und damit durch kommunale Mittel aufgefangen worden.<\/p>\n<p>Wieder einmal habe die Stadt trotz ihrer schwierigen Finanzlage einspringen m\u00fcssen, um unsoziale K\u00fcrzungen des Landes aufzufangen. Umso unverst\u00e4ndlicher sei es, dass die Oberhausener CDU versuche, die K\u00fcrzungen durch die schwarz-gelbe Landesregierung zu verschleiern, so der stellvertretende SPD-Fraktionsvorsitzende Stefan Zimkeit.<\/p>\n<p>Die SPD verlange auch weiterhin vom Land, die vierte Stelle f\u00fcr alle Frauenh\u00e4user wieder zu f\u00f6rdern. Aus Sicht von Wolfgang Gro\u00dfe Br\u00f6mer m\u00fcsse sich die Oberhausener CDU, wenn sie ihre Aussagen zur Unterst\u00fctzung der Frauenh\u00e4user ernst meine, dieser Forderung anschlie\u00dfen.<\/p>\n<p>Leider folge die Oberhausener CDU aber weiter der Linie der Vasallentreue gegen\u00fcber der Landesregierung, statt &#8211; wo notwendig &#8211; kommunale Interessen zu vertreten, kritisiert Stefan Zimkeit die Linie der \u00f6rtlichen CDU.<\/p>\n<p>Die Oberhausener SPD k\u00fcndigte an, auch zuk\u00fcnftig zweigleisig zu fahren. &#8222;Zum einen wollen wir die Arbeit des Frauenhauses aus kommunalen Mitteln absichern, zum anderen fordern wir aber weiter von der Landesregierung, ihrer Verantwortung bei der Bek\u00e4mpfung der Gewalt gegen Frauen wieder gerecht zu werden&#8220;, so der SPD-Vorsitzende Wolfgang Gro\u00dfe Br\u00f6mer abschlie\u00dfend.<\/p>\n","protected":false},"excerpt":{"rendered":"<p>&#8222;&amp;039;Der Schutz von Frauen hat f\u00fcr uns h\u00f6chste Priorit\u00e4t&amp;039;, dieser Aussage der CDU zur F\u00f6rderung des Oberhausener Frauenhauses stimmt die SPD ausdr\u00fccklich zu. Allerdings ist es vollkommen unverst\u00e4ndlich, dass die&hellip; <\/p>\n","protected":false},"author":1,"featured_media":0,"comment_status":"closed","ping_status":"closed","sticky":false,"template":"","format":"standard","meta":{"footnotes":""},"categories":[1],"tags":[],"quellen":[],"class_list":["post-736","post","type-post","status-publish","format-standard","hentry","category-allgemein"],"_links":{"self":[{"href":"https:\/\/meier-gerdingh.de\/wp-spd-ob\/wp-json\/wp\/v2\/posts\/736","targetHints":{"allow":["GET"]}}],"collection":[{"href":"https:\/\/meier-gerdingh.de\/wp-spd-ob\/wp-json\/wp\/v2\/posts"}],"about":[{"href":"https:\/\/meier-gerdingh.de\/wp-spd-ob\/wp-json\/wp\/v2\/types\/post"}],"author":[{"embeddable":true,"href":"https:\/\/meier-gerdingh.de\/wp-spd-ob\/wp-json\/wp\/v2\/users\/1"}],"replies":[{"embeddable":true,"href":"https:\/\/meier-gerdingh.de\/wp-spd-ob\/wp-json\/wp\/v2\/comments?post=736"}],"version-history":[{"count":0,"href":"https:\/\/meier-gerdingh.de\/wp-spd-ob\/wp-json\/wp\/v2\/posts\/736\/revisions"}],"wp:attachment":[{"href":"https:\/\/meier-gerdingh.de\/wp-spd-ob\/wp-json\/wp\/v2\/media?parent=736"}],"wp:term":[{"taxonomy":"category","embeddable":true,"href":"https:\/\/meier-gerdingh.de\/wp-spd-ob\/wp-json\/wp\/v2\/categories?post=736"},{"taxonomy":"post_tag","embeddable":true,"href":"https:\/\/meier-gerdingh.de\/wp-spd-ob\/wp-json\/wp\/v2\/tags?post=736"},{"taxonomy":"quellen","embeddable":true,"href":"https:\/\/meier-gerdingh.de\/wp-spd-ob\/wp-json\/wp\/v2\/quellen?post=736"}],"curies":[{"name":"wp","href":"https:\/\/api.w.org\/{rel}","templated":true}]}}